{"id":39288,"date":"2023-11-14T23:59:37","date_gmt":"2023-11-15T07:59:37","guid":{"rendered":"https:\/\/worldofdentistry.org\/?p=39288"},"modified":"2025-03-13T17:57:01","modified_gmt":"2025-03-14T00:57:01","slug":"que-son-los-torus-mandibulares","status":"publish","type":"post","link":"https:\/\/worldofdentistry.org\/es\/que-son-los-torus-mandibulares\/","title":{"rendered":"\u00bfQu\u00e9 son los torus mandibulares? (9 Causas y s\u00edntomas detallados)"},"content":{"rendered":"\t\t<div data-elementor-type=\"wp-post\" data-elementor-id=\"39288\" class=\"elementor elementor-39288 elementor-38779\" data-elementor-post-type=\"post\">\n\t\t\t\t\t\t<section class=\"elementor-section elementor-top-section elementor-element elementor-element-1729ccce elementor-section-boxed elementor-section-height-default elementor-section-height-default\" data-id=\"1729ccce\" data-element_type=\"section\" data-e-type=\"section\">\n\t\t\t\t\t\t<div class=\"elementor-container elementor-column-gap-default\">\n\t\t\t\t\t<div class=\"elementor-column elementor-col-100 elementor-top-column elementor-element elementor-element-21e42a53\" data-id=\"21e42a53\" data-element_type=\"column\" data-e-type=\"column\">\n\t\t\t<div class=\"elementor-widget-wrap elementor-element-populated\">\n\t\t\t\t\t\t<div class=\"elementor-element elementor-element-618692b elementor-widget elementor-widget-spacer\" data-id=\"618692b\" data-element_type=\"widget\" data-e-type=\"widget\" data-widget_type=\"spacer.default\">\n\t\t\t\t\t\t\t<div class=\"elementor-spacer\">\n\t\t\t<div class=\"elementor-spacer-inner\"><\/div>\n\t\t<\/div>\n\t\t\t\t\t\t<\/div>\n\t\t\t\t<div class=\"elementor-element elementor-element-816ffe7 elementor-widget elementor-widget-spacer\" data-id=\"816ffe7\" data-element_type=\"widget\" data-e-type=\"widget\" data-widget_type=\"spacer.default\">\n\t\t\t\t\t\t\t<div class=\"elementor-spacer\">\n\t\t\t<div class=\"elementor-spacer-inner\"><\/div>\n\t\t<\/div>\n\t\t\t\t\t\t<\/div>\n\t\t\t\t\t<\/div>\n\t\t<\/div>\n\t\t\t\t\t<\/div>\n\t\t<\/section>\n\t\t\t\t<section class=\"elementor-section elementor-top-section elementor-element elementor-element-3ec4d74 elementor-section-boxed elementor-section-height-default elementor-section-height-default\" data-id=\"3ec4d74\" data-element_type=\"section\" data-e-type=\"section\">\n\t\t\t\t\t\t<div class=\"elementor-container elementor-column-gap-default\">\n\t\t\t\t\t<div class=\"elementor-column elementor-col-100 elementor-top-column elementor-element elementor-element-29d7f21\" data-id=\"29d7f21\" data-element_type=\"column\" data-e-type=\"column\">\n\t\t\t<div class=\"elementor-widget-wrap elementor-element-populated\">\n\t\t\t\t\t\t<div class=\"elementor-element elementor-element-69fcd95 elementor-widget elementor-widget-text-editor\" data-id=\"69fcd95\" data-element_type=\"widget\" data-e-type=\"widget\" data-widget_type=\"text-editor.default\">\n\t\t\t\t\t\t\t\t\t<h2><span style=\"color: #000000;\">\u00bfQu\u00e9 es un torus mandibular?: Causas y s\u00edntomas<\/span><\/h2><p><span style=\"color: #000000;\">\u00bfHas escuchado hablar sobre los torus mandibulares? Este art\u00edculo te guiar\u00e1 a trav\u00e9s de un completo an\u00e1lisis del torus mandibular, abordando las preguntas m\u00e1s comunes y proporcionando respuestas claras y concisas. Si te has preguntado sobre las causas, s\u00edntomas, diagn\u00f3stico y tratamiento de este crecimiento \u00f3seo, est\u00e1s en el lugar correcto.<\/span><\/p><p>\u00a0<\/p><h2><span style=\"color: #000000;\">Entendiendo el torus mandibular<\/span><\/h2><p><span style=\"color: #000000;\">Los torus mandibulares son crecimientos anormales de hueso que se pueden presentar en la cara interna de la mand\u00edbula. Tambi\u00e9n pueden ser llamados exostosis o hiperostosis mandibulares. El torus lingual suele presentarse en la zona de los premolares o <a href=\"https:\/\/worldofdentistry.org\/es\/que-es-el-diente-canino\/\" target=\"_blank\"><span style=\"color: #0000ff;\"><strong>caninos<\/strong><\/span><\/a>, y en el 80% de los casos se presenta en ambos lados de la mand\u00edbula.<\/span><\/p><p>\u00a0<\/p><h2><span style=\"color: #000000;\">Causas de los torus mandibulares<\/span><\/h2><p><span style=\"color: #000000;\">Un estudio publicado por expertos en 2020 y 2021, identific\u00f3 las posibles causas de los torus mandibulares donde se destacan:<\/span><\/p><p style=\"padding-left: 40px;\"><span style=\"color: #000000;\"><strong>1.<\/strong> P\u00e9rdida prematura de dientes<\/span><\/p><p style=\"padding-left: 40px;\"><span style=\"color: #000000;\"><strong>2.<\/strong> Desgaste excesivo de los dientes<\/span><\/p><p style=\"padding-left: 40px;\"><span style=\"color: #000000;\"><strong>3.<\/strong> Traumatismos en los dientes o los maxilares<\/span><\/p><p style=\"padding-left: 40px;\"><span style=\"color: #000000;\"><strong>4.<\/strong> Bruxismo (rechinamiento o apretamiento de los dientes)<\/span><\/p><p style=\"padding-left: 40px;\"><span style=\"color: #000000;\"><strong>5.<\/strong> Problemas de la articulaci\u00f3n temporomandibular (ATM)<\/span><\/p><p style=\"padding-left: 40px;\"><span style=\"color: #000000;\"><strong>6.<\/strong> Dietas ricas en Calcio<\/span><\/p><p style=\"padding-left: 40px;\"><span style=\"color: #000000;\"><strong>7.<\/strong> Deficiencia en Vitamina D<\/span><\/p><p style=\"padding-left: 40px;\"><span style=\"color: #000000;\"><strong>8.<\/strong> Consumo de algunos pescados<\/span><\/p><p style=\"padding-left: 40px;\"><span style=\"color: #000000;\"><strong>9.<\/strong> Factores gen\u00e9ticos (m\u00e1s frecuentemente en varones afroamericanos)<\/span><\/p><p><span style=\"color: #000000;\">No existe una causa clara para el torus mandibular, su origen se debe a uno o m\u00faltiples factores, destacando la gen\u00e9tica, la dieta y el comportamiento.<\/span><\/p><h2><img fetchpriority=\"high\" decoding=\"async\" class=\"aligncenter wp-image-38801\" style=\"padding: 2px; border: 1px solid #bbb;\" src=\"https:\/\/worldofdentistry.org\/wp-content\/uploads\/2023\/11\/torus-mandibularis.webp\" alt=\"what is torus mandibularis\" width=\"600\" height=\"320\" title=\"\" srcset=\"https:\/\/worldofdentistry.org\/wp-content\/uploads\/2023\/11\/torus-mandibularis.webp 1500w, https:\/\/worldofdentistry.org\/wp-content\/uploads\/2023\/11\/torus-mandibularis-600x320.webp 600w, https:\/\/worldofdentistry.org\/wp-content\/uploads\/2023\/11\/torus-mandibularis-300x160.webp 300w, https:\/\/worldofdentistry.org\/wp-content\/uploads\/2023\/11\/torus-mandibularis-1024x546.webp 1024w, https:\/\/worldofdentistry.org\/wp-content\/uploads\/2023\/11\/torus-mandibularis-768x410.webp 768w, https:\/\/worldofdentistry.org\/wp-content\/uploads\/2023\/11\/torus-mandibularis-150x80.webp 150w\" sizes=\"(max-width: 600px) 100vw, 600px\" \/><\/h2><p>\u00a0<\/p><h2><span style=\"color: #000000;\">S\u00edntomas comunes de los torus mandibulares<\/span><\/h2><p><span style=\"color: #000000;\">Los torus mandibulares se manifiestan en la boca como masas duras y firmes ubicadas en la cara interna de la mand\u00edbula a nivel de los dientes premolares, generalmente de naturaleza benigna o \u201cno cancer\u00edgena\u201d, recubiertas por encia.<\/span><br \/><span style=\"color: #000000;\">Muchas veces, los pacientes ni siquiera notan su presencia. No obstante, dependiendo de su tama\u00f1o pueden generar:<\/span><\/p><p style=\"padding-left: 40px;\"><span style=\"color: #000000;\"><strong>\u25cf <\/strong>Dificultad para pronunciar palabras<\/span><\/p><p style=\"padding-left: 40px;\"><span style=\"color: #000000;\"><strong>\u25cf <\/strong>Dificultad para tragar o masticar<\/span><\/p><p style=\"padding-left: 40px;\"><span style=\"color: #000000;\"><strong>\u25cf <\/strong>Irritaci\u00f3n de la mucosa<\/span><\/p><p style=\"padding-left: 40px;\"><span style=\"color: #000000;\"><strong>\u25cf <\/strong>Malestar o incomodidad al contacto<\/span><\/p><p><span style=\"color: #000000;\">El torus mandibular, rara vez causa dolor, sin embargo es importante visitar a su odont\u00f3logo de cabecera si el torus est\u00e1 afectando su estilo de vida.<\/span><\/p><p>\u00a0<\/p><h2><span style=\"color: #000000;\">Diagn\u00f3stico de los torus mandibulares<\/span><\/h2><p><span style=\"color: #000000;\">Es de suma importancia consultar con un odont\u00f3logo, ya que en ocasiones el torus mandibular puede confundirse con otras enfermedades de la boca como:<\/span><\/p><p style=\"padding-left: 40px;\"><span style=\"color: #000000;\"><strong>\u25cf <\/strong>Osteoma de Mand\u00edbula<\/span><\/p><p style=\"padding-left: 40px;\"><span style=\"color: #000000;\"><strong>\u25cf <\/strong>Carcinoma de c\u00e9lulas escamosas<\/span><\/p><p style=\"padding-left: 40px;\"><span style=\"color: #000000;\"><strong>\u25cf <\/strong>Fibroma oral<\/span><\/p><p style=\"padding-left: 40px;\"><span style=\"color: #000000;\"><strong>\u25cf <\/strong>Mucocele<\/span><\/p><p><span style=\"color: #000000;\">Para un correcto diagn\u00f3stico, adem\u00e1s de un examen exhaustivo de los huesos maxilares, su m\u00e9dico podr\u00eda solicitar ex\u00e1menes complementarios como:<\/span><\/p><p style=\"padding-left: 40px;\"><span style=\"color: #000000;\"><strong>\u25cf <\/strong>Radiografia Panoramica<\/span><\/p><p style=\"padding-left: 40px;\"><span style=\"color: #000000;\"><strong>\u25cf <\/strong>Tomograf\u00eda Axial Computarizada<\/span><\/p><p style=\"padding-left: 40px;\"><span style=\"color: #000000;\"><strong>\u25cf <\/strong>Resonancia magn\u00e9tica<\/span><\/p><p style=\"padding-left: 40px;\"><span style=\"color: #000000;\"><strong>\u25cf <\/strong>Biopsia de la lesi\u00f3n<\/span><\/p><p><span style=\"color: #000000;\">Un diagn\u00f3stico efectivo es el primer paso para un tratamiento m\u00e1s eficaz.<\/span><\/p><h2><img decoding=\"async\" class=\"aligncenter wp-image-38797\" style=\"padding: 2px; border: 1px solid #bbb;\" src=\"https:\/\/worldofdentistry.org\/wp-content\/uploads\/2023\/11\/torus-mandibular.webp\" alt=\"torus mandibular\" width=\"600\" height=\"320\" title=\"\" srcset=\"https:\/\/worldofdentistry.org\/wp-content\/uploads\/2023\/11\/torus-mandibular.webp 1500w, https:\/\/worldofdentistry.org\/wp-content\/uploads\/2023\/11\/torus-mandibular-600x320.webp 600w, https:\/\/worldofdentistry.org\/wp-content\/uploads\/2023\/11\/torus-mandibular-300x160.webp 300w, https:\/\/worldofdentistry.org\/wp-content\/uploads\/2023\/11\/torus-mandibular-1024x546.webp 1024w, https:\/\/worldofdentistry.org\/wp-content\/uploads\/2023\/11\/torus-mandibular-768x410.webp 768w, https:\/\/worldofdentistry.org\/wp-content\/uploads\/2023\/11\/torus-mandibular-150x80.webp 150w\" sizes=\"(max-width: 600px) 100vw, 600px\" \/><\/h2><p>\u00a0<\/p><h2><span style=\"color: #000000;\">Torus palatino vs torus mandibular<\/span><\/h2><p><span style=\"color: #000000;\">El <a href=\"https:\/\/worldofdentistry.org\/es\/que-es-un-torus-palatino\/\" target=\"_blank\"><span style=\"color: #0000ff;\"><strong>torus palatino<\/strong><\/span><\/a> es una masa \u00f3sea que aparece en el paladar duro, justo en la l\u00ednea que divide a la mitad el paladar, puede afectar entre el 0,4% y el 66,5% de las personas. Suele ser m\u00e1s com\u00fan en mujeres cauc\u00e1sicas (blancas).<\/span><\/p><p><span style=\"color: #000000;\">En el torus mandibular, las masas se ubican en la parte interna de la mand\u00edbula, afecta entre el 0,5% y el 63,4% de las personas, es m\u00e1s frecuente en hombres de origen afroamericano.<\/span><\/p><p><span style=\"color: #000000;\">Ambos, suelen aparecer entre los 35 y los 65 a\u00f1os. A\u00fan as\u00ed, los torus mandibulares son m\u00e1s frecuentes que los torus palatinos.<\/span><\/p><p>\u00a0<\/p><h2><span style=\"color: #000000;\">Complicaciones de los torus mandibulares<\/span><\/h2><p><span style=\"color: #000000;\">Como se ha mencionado previamente, en la mayor\u00eda de los casos, los torus mandibulares no causan problemas, por lo que no requieren tratamiento. No obstante, existen algunas complicaciones que pueden hacer necesaria su eliminaci\u00f3n o reducci\u00f3n:<\/span><\/p><p style=\"padding-left: 40px;\"><span style=\"color: #000000;\"><strong>1. Dificultad para el uso de pr\u00f3tesis:<\/strong> La presencia de torus mandibulares dificulta la confecci\u00f3n y adaptaci\u00f3n de las pr\u00f3tesis que requieren su apoyo en el hueso de la mand\u00edbula, y pueden causar dolor.<\/span><\/p><p style=\"padding-left: 40px;\"><span style=\"color: #000000;\"><strong>2. Distorsi\u00f3n del habla:<\/strong> El torus mandibular puede impedir la correcta articulaci\u00f3n de palabras que requieren movimientos libres de la lengua.<\/span><\/p><p style=\"padding-left: 40px;\"><span style=\"color: #000000;\"><strong>3. Dificultad en la masticaci\u00f3n:<\/strong> Un torus mandibular de gran tama\u00f1o puede limitar el movimiento de lengua, dificultando la alimentaci\u00f3n.<\/span><\/p><p style=\"padding-left: 40px;\"><span style=\"color: #000000;\"><strong>4. Irritaci\u00f3n de la mucosa:<\/strong> la enc\u00eda que recubre el torus es m\u00e1s sensible y se irrita con mayor facilidad.<\/span><\/p><p style=\"padding-left: 40px;\"><span style=\"color: #000000;\"><strong>5. Mal aliento:<\/strong> Tambi\u00e9n se le conoce como <a href=\"https:\/\/worldofdentistry.org\/es\/que-es-la-halitosis\/\" target=\"_blank\"><span style=\"color: #0000ff;\"><strong>halitosis<\/strong><\/span><\/a>. Su forma irregular puede favorecer el ac\u00famulo de bacterias y a su vez, dificultar unas correctas medidas de higiene oral.<\/span><\/p><p style=\"padding-left: 40px;\"><span style=\"color: #000000;\"><strong>6. Problemas est\u00e9ticos:<\/strong> Los torus mandibulares pueden crecer de forma incontrolable, causando incomodidad al momento de hablar o abrir la boca.<\/span><\/p><h2><img decoding=\"async\" class=\"aligncenter wp-image-38799\" style=\"padding: 2px; border: 1px solid #bbb;\" src=\"https:\/\/worldofdentistry.org\/wp-content\/uploads\/2023\/11\/torus-mandibularis-treatment.webp\" alt=\"torus mandibularis treatment\" width=\"600\" height=\"320\" title=\"\" srcset=\"https:\/\/worldofdentistry.org\/wp-content\/uploads\/2023\/11\/torus-mandibularis-treatment.webp 1500w, https:\/\/worldofdentistry.org\/wp-content\/uploads\/2023\/11\/torus-mandibularis-treatment-600x320.webp 600w, https:\/\/worldofdentistry.org\/wp-content\/uploads\/2023\/11\/torus-mandibularis-treatment-300x160.webp 300w, https:\/\/worldofdentistry.org\/wp-content\/uploads\/2023\/11\/torus-mandibularis-treatment-1024x546.webp 1024w, https:\/\/worldofdentistry.org\/wp-content\/uploads\/2023\/11\/torus-mandibularis-treatment-768x410.webp 768w, https:\/\/worldofdentistry.org\/wp-content\/uploads\/2023\/11\/torus-mandibularis-treatment-150x80.webp 150w\" sizes=\"(max-width: 600px) 100vw, 600px\" \/><\/h2><p>\u00a0<\/p><h2><span style=\"color: #000000;\">Tratamiento de los torus mandibulares<\/span><\/h2><p><span style=\"color: #000000;\">Generalmente el torus mandibular que no es doloroso, puede ser tratado mediante un chequeo peri\u00f3dico por parte del dentista. Sin embargo, cuando se presenta alguna complicaci\u00f3n, debe considerarse su tratamiento. El motivo m\u00e1s com\u00fan por el cu\u00e1l los torus mandibulares necesitan ser tratados, es cuando dificultan la adaptaci\u00f3n de <span style=\"color: #0000ff;\"><strong><a style=\"color: #0000ff;\" href=\"https:\/\/worldofdentistry.org\/es\/que-son-las-protesis-dentales-permanentes\/\" target=\"_blank\">pr\u00f3tesis dentales<\/a><\/strong><\/span>.<\/span><\/p><h3><span style=\"color: #000000;\">Tratamiento quir\u00fargico de los torus mandibulares<\/span><\/h3><p><span style=\"color: #000000;\">La forma m\u00e1s efectiva de eliminar el torus mandibular es mediante la extirpaci\u00f3n quir\u00fargica, en donde se busca eliminar o reducir la cantidad excesiva de hueso. El procedimiento se puede realizar bajo anestesia local.<\/span><\/p><p>\u00a0<\/p><h2><span style=\"color: #000000;\">Conclusiones<\/span><\/h2><p><span style=\"color: #000000;\">Los torus mandibulares son crecimientos \u00f3seos anormales que se desarrollan en la cara interna de la mand\u00edbula. Aunque generalmente son benignos y no cancer\u00edgenos, ocasionalmente pueden causar molestias y complicaciones en la vida diaria.<\/span><\/p><p><span style=\"color: #000000;\">El diagn\u00f3stico y tratamiento adecuados de los torus mandibulares requieren la evaluaci\u00f3n de un odont\u00f3logo y, en algunos casos, ex\u00e1menes complementarios.<\/span><\/p><p><span style=\"color: #000000;\">El tratamiento de los torus mandibulares generalmente implica una observaci\u00f3n regular por parte del dentista, pero en casos de complicaciones como dificultades en la adaptaci\u00f3n de pr\u00f3tesis dentales, se puede considerar la extirpaci\u00f3n quir\u00fargica bajo anestesia local.<\/span><\/p>\t\t\t\t\t\t\t\t<\/div>\n\t\t\t\t\t<\/div>\n\t\t<\/div>\n\t\t\t\t\t<\/div>\n\t\t<\/section>\n\t\t\t\t<section class=\"elementor-section elementor-top-section elementor-element elementor-element-39da0e67 elementor-section-boxed elementor-section-height-default elementor-section-height-default\" data-id=\"39da0e67\" data-element_type=\"section\" data-e-type=\"section\">\n\t\t\t\t\t\t<div class=\"elementor-container elementor-column-gap-default\">\n\t\t\t\t\t<div class=\"elementor-column elementor-col-100 elementor-top-column elementor-element elementor-element-5c3d25be\" data-id=\"5c3d25be\" data-element_type=\"column\" data-e-type=\"column\">\n\t\t\t<div class=\"elementor-widget-wrap elementor-element-populated\">\n\t\t\t\t\t\t<div class=\"elementor-element elementor-element-2cadd51 elementor-widget elementor-widget-heading\" data-id=\"2cadd51\" data-element_type=\"widget\" data-e-type=\"widget\" data-widget_type=\"heading.default\">\n\t\t\t\t\t<h2 class=\"elementor-heading-title elementor-size-default\">Preguntas frecuentes<\/h2>\t\t\t\t<\/div>\n\t\t\t\t<div class=\"elementor-element elementor-element-d4bb47b elementor-widget elementor-widget-n-accordion\" data-id=\"d4bb47b\" data-element_type=\"widget\" data-e-type=\"widget\" data-settings=\"{&quot;default_state&quot;:&quot;expanded&quot;,&quot;max_items_expended&quot;:&quot;one&quot;,&quot;n_accordion_animation_duration&quot;:{&quot;unit&quot;:&quot;ms&quot;,&quot;size&quot;:400,&quot;sizes&quot;:[]}}\" data-widget_type=\"nested-accordion.default\">\n\t\t\t\t\t\t\t<div class=\"e-n-accordion\" aria-label=\"Accordion. Open links with Enter or Space, close with Escape, and navigate with Arrow Keys\">\n\t\t\t\t\t\t<details id=\"e-n-accordion-item-2230\" class=\"e-n-accordion-item\" open>\n\t\t\t\t<summary class=\"e-n-accordion-item-title\" data-accordion-index=\"1\" tabindex=\"0\" aria-expanded=\"true\" aria-controls=\"e-n-accordion-item-2230\" >\n\t\t\t\t\t<span class='e-n-accordion-item-title-header'><h3 class=\"e-n-accordion-item-title-text\"> \u00bfLos torus mandibulares son un tipo de c\u00e1ncer? <\/h3><\/span>\n\t\t\t\t\t\t\t<span class='e-n-accordion-item-title-icon'>\n\t\t\t<span class='e-opened' ><svg aria-hidden=\"true\" class=\"e-font-icon-svg e-fas-minus\" viewBox=\"0 0 448 512\" xmlns=\"http:\/\/www.w3.org\/2000\/svg\"><path d=\"M416 208H32c-17.67 0-32 14.33-32 32v32c0 17.67 14.33 32 32 32h384c17.67 0 32-14.33 32-32v-32c0-17.67-14.33-32-32-32z\"><\/path><\/svg><\/span>\n\t\t\t<span class='e-closed'><svg aria-hidden=\"true\" class=\"e-font-icon-svg e-fas-plus\" viewBox=\"0 0 448 512\" xmlns=\"http:\/\/www.w3.org\/2000\/svg\"><path d=\"M416 208H272V64c0-17.67-14.33-32-32-32h-32c-17.67 0-32 14.33-32 32v144H32c-17.67 0-32 14.33-32 32v32c0 17.67 14.33 32 32 32h144v144c0 17.67 14.33 32 32 32h32c17.67 0 32-14.33 32-32V304h144c17.67 0 32-14.33 32-32v-32c0-17.67-14.33-32-32-32z\"><\/path><\/svg><\/span>\n\t\t<\/span>\n\n\t\t\t\t\t\t<\/summary>\n\t\t\t\t<div role=\"region\" aria-labelledby=\"e-n-accordion-item-2230\" class=\"elementor-element elementor-element-40ad488 e-con-full e-flex e-con e-child\" data-id=\"40ad488\" data-element_type=\"container\" data-e-type=\"container\">\n\t\t\t\t<div class=\"elementor-element elementor-element-dc20369 elementor-widget elementor-widget-text-editor\" data-id=\"dc20369\" data-element_type=\"widget\" data-e-type=\"widget\" data-widget_type=\"text-editor.default\">\n\t\t\t\t\t\t\t\t\t<p><span style=\"font-weight: 400; color: #333333;\">Los torus mandibulares no son cancer\u00edgenos, corresponden a un crecimiento \u00f3seo benigno, no tumoral, de lento crecimiento.<\/span><\/p>\t\t\t\t\t\t\t\t<\/div>\n\t\t\t\t<\/div>\n\t\t\t\t\t<\/details>\n\t\t\t\t\t\t<details id=\"e-n-accordion-item-2231\" class=\"e-n-accordion-item\" >\n\t\t\t\t<summary class=\"e-n-accordion-item-title\" data-accordion-index=\"2\" tabindex=\"-1\" aria-expanded=\"false\" aria-controls=\"e-n-accordion-item-2231\" >\n\t\t\t\t\t<span class='e-n-accordion-item-title-header'><h3 class=\"e-n-accordion-item-title-text\"> \u00bfSon peligrosos los torus mandibulares? <\/h3><\/span>\n\t\t\t\t\t\t\t<span class='e-n-accordion-item-title-icon'>\n\t\t\t<span class='e-opened' ><svg aria-hidden=\"true\" class=\"e-font-icon-svg e-fas-minus\" viewBox=\"0 0 448 512\" xmlns=\"http:\/\/www.w3.org\/2000\/svg\"><path d=\"M416 208H32c-17.67 0-32 14.33-32 32v32c0 17.67 14.33 32 32 32h384c17.67 0 32-14.33 32-32v-32c0-17.67-14.33-32-32-32z\"><\/path><\/svg><\/span>\n\t\t\t<span class='e-closed'><svg aria-hidden=\"true\" class=\"e-font-icon-svg e-fas-plus\" viewBox=\"0 0 448 512\" xmlns=\"http:\/\/www.w3.org\/2000\/svg\"><path d=\"M416 208H272V64c0-17.67-14.33-32-32-32h-32c-17.67 0-32 14.33-32 32v144H32c-17.67 0-32 14.33-32 32v32c0 17.67 14.33 32 32 32h144v144c0 17.67 14.33 32 32 32h32c17.67 0 32-14.33 32-32V304h144c17.67 0 32-14.33 32-32v-32c0-17.67-14.33-32-32-32z\"><\/path><\/svg><\/span>\n\t\t<\/span>\n\n\t\t\t\t\t\t<\/summary>\n\t\t\t\t<div role=\"region\" aria-labelledby=\"e-n-accordion-item-2231\" class=\"elementor-element elementor-element-88c8a02 e-con-full e-flex e-con e-child\" data-id=\"88c8a02\" data-element_type=\"container\" data-e-type=\"container\">\n\t\t\t\t<div class=\"elementor-element elementor-element-0a9970b elementor-widget elementor-widget-text-editor\" data-id=\"0a9970b\" data-element_type=\"widget\" data-e-type=\"widget\" data-widget_type=\"text-editor.default\">\n\t\t\t\t\t\t\t\t\t<p><span style=\"color: #000000;\"><span style=\"font-weight: 400;\">Los torus mandibulares no se consideran una patolog\u00eda peligrosa, pero deben mantenerse bajo observaci\u00f3n m\u00e9dica.<\/span><\/span><\/p>\t\t\t\t\t\t\t\t<\/div>\n\t\t\t\t<\/div>\n\t\t\t\t\t<\/details>\n\t\t\t\t\t\t<details id=\"e-n-accordion-item-2232\" class=\"e-n-accordion-item\" >\n\t\t\t\t<summary class=\"e-n-accordion-item-title\" data-accordion-index=\"3\" tabindex=\"-1\" aria-expanded=\"false\" aria-controls=\"e-n-accordion-item-2232\" >\n\t\t\t\t\t<span class='e-n-accordion-item-title-header'><h3 class=\"e-n-accordion-item-title-text\"> \u00bfQui\u00e9n puede desarrollar un torus mandibular? <\/h3><\/span>\n\t\t\t\t\t\t\t<span class='e-n-accordion-item-title-icon'>\n\t\t\t<span class='e-opened' ><svg aria-hidden=\"true\" class=\"e-font-icon-svg e-fas-minus\" viewBox=\"0 0 448 512\" xmlns=\"http:\/\/www.w3.org\/2000\/svg\"><path d=\"M416 208H32c-17.67 0-32 14.33-32 32v32c0 17.67 14.33 32 32 32h384c17.67 0 32-14.33 32-32v-32c0-17.67-14.33-32-32-32z\"><\/path><\/svg><\/span>\n\t\t\t<span class='e-closed'><svg aria-hidden=\"true\" class=\"e-font-icon-svg e-fas-plus\" viewBox=\"0 0 448 512\" xmlns=\"http:\/\/www.w3.org\/2000\/svg\"><path d=\"M416 208H272V64c0-17.67-14.33-32-32-32h-32c-17.67 0-32 14.33-32 32v144H32c-17.67 0-32 14.33-32 32v32c0 17.67 14.33 32 32 32h144v144c0 17.67 14.33 32 32 32h32c17.67 0 32-14.33 32-32V304h144c17.67 0 32-14.33 32-32v-32c0-17.67-14.33-32-32-32z\"><\/path><\/svg><\/span>\n\t\t<\/span>\n\n\t\t\t\t\t\t<\/summary>\n\t\t\t\t<div role=\"region\" aria-labelledby=\"e-n-accordion-item-2232\" class=\"elementor-element elementor-element-9c870c3 e-con-full e-flex e-con e-child\" data-id=\"9c870c3\" data-element_type=\"container\" data-e-type=\"container\">\n\t\t\t\t<div class=\"elementor-element elementor-element-4709ada elementor-widget elementor-widget-text-editor\" data-id=\"4709ada\" data-element_type=\"widget\" data-e-type=\"widget\" data-widget_type=\"text-editor.default\">\n\t\t\t\t\t\t\t\t\t<p><span style=\"font-weight: 400; color: #000000;\">Los torus mandibulares afectan en promedio a un 27% de la poblaci\u00f3n, siendo m\u00e1s comunes en varones afroamericanos entre los 35 y los 65 a\u00f1os.<\/span><\/p>\t\t\t\t\t\t\t\t<\/div>\n\t\t\t\t<\/div>\n\t\t\t\t\t<\/details>\n\t\t\t\t\t\t<details id=\"e-n-accordion-item-2233\" class=\"e-n-accordion-item\" >\n\t\t\t\t<summary class=\"e-n-accordion-item-title\" data-accordion-index=\"4\" tabindex=\"-1\" aria-expanded=\"false\" aria-controls=\"e-n-accordion-item-2233\" >\n\t\t\t\t\t<span class='e-n-accordion-item-title-header'><h3 class=\"e-n-accordion-item-title-text\"> \u00bfSe pueden prevenir los torus mandibulares? <\/h3><\/span>\n\t\t\t\t\t\t\t<span class='e-n-accordion-item-title-icon'>\n\t\t\t<span class='e-opened' ><svg aria-hidden=\"true\" class=\"e-font-icon-svg e-fas-minus\" viewBox=\"0 0 448 512\" xmlns=\"http:\/\/www.w3.org\/2000\/svg\"><path d=\"M416 208H32c-17.67 0-32 14.33-32 32v32c0 17.67 14.33 32 32 32h384c17.67 0 32-14.33 32-32v-32c0-17.67-14.33-32-32-32z\"><\/path><\/svg><\/span>\n\t\t\t<span class='e-closed'><svg aria-hidden=\"true\" class=\"e-font-icon-svg e-fas-plus\" viewBox=\"0 0 448 512\" xmlns=\"http:\/\/www.w3.org\/2000\/svg\"><path d=\"M416 208H272V64c0-17.67-14.33-32-32-32h-32c-17.67 0-32 14.33-32 32v144H32c-17.67 0-32 14.33-32 32v32c0 17.67 14.33 32 32 32h144v144c0 17.67 14.33 32 32 32h32c17.67 0 32-14.33 32-32V304h144c17.67 0 32-14.33 32-32v-32c0-17.67-14.33-32-32-32z\"><\/path><\/svg><\/span>\n\t\t<\/span>\n\n\t\t\t\t\t\t<\/summary>\n\t\t\t\t<div role=\"region\" aria-labelledby=\"e-n-accordion-item-2233\" class=\"elementor-element elementor-element-c58f6c3 e-flex e-con-boxed e-con e-child\" data-id=\"c58f6c3\" data-element_type=\"container\" data-e-type=\"container\">\n\t\t\t\t\t<div class=\"e-con-inner\">\n\t\t\t\t<div class=\"elementor-element elementor-element-89852c1 elementor-widget elementor-widget-text-editor\" data-id=\"89852c1\" data-element_type=\"widget\" data-e-type=\"widget\" data-widget_type=\"text-editor.default\">\n\t\t\t\t\t\t\t\t\t<p><span style=\"color: #000000;\">Debido a que los torus mandibulares pueden ser causados por diversos factores, y muchos de ellos no son controlables, prevenirlos puede resultar una tarea dif\u00edcil. Sin embargo, los siguientes consejos pueden ayudar a disminuir la probabilidad de que estos aparezcan:<\/span><\/p><p style=\"padding-left: 40px;\"><span style=\"color: #000000;\"><strong>\u25cf <\/strong>Mant\u00e9n una higiene oral adecuada y visita al dentista con regularidad, para evitar la p\u00e9rdida prematura de dientes.<\/span><\/p><p style=\"padding-left: 40px;\"><span style=\"color: #000000;\"><strong>\u25cf <\/strong>Busca ayuda profesional si presentas problemas de la articulaci\u00f3n temporomandibular, bruxismo o desgaste dental.<\/span><\/p><p style=\"padding-left: 40px;\"><span style=\"color: #000000;\"><strong>\u25cf <\/strong>Mant\u00e9n una alimentaci\u00f3n balanceada.<\/span><\/p>\t\t\t\t\t\t\t\t<\/div>\n\t\t\t\t\t<\/div>\n\t\t\t\t<\/div>\n\t\t\t\t\t<\/details>\n\t\t\t\t\t\t<details id=\"e-n-accordion-item-2234\" class=\"e-n-accordion-item\" >\n\t\t\t\t<summary class=\"e-n-accordion-item-title\" data-accordion-index=\"5\" tabindex=\"-1\" aria-expanded=\"false\" aria-controls=\"e-n-accordion-item-2234\" >\n\t\t\t\t\t<span class='e-n-accordion-item-title-header'><h3 class=\"e-n-accordion-item-title-text\"> \u00bfCu\u00e1l es la diferencia entre torus mandibulares y exostosis? <\/h3><\/span>\n\t\t\t\t\t\t\t<span class='e-n-accordion-item-title-icon'>\n\t\t\t<span class='e-opened' ><svg aria-hidden=\"true\" class=\"e-font-icon-svg e-fas-minus\" viewBox=\"0 0 448 512\" xmlns=\"http:\/\/www.w3.org\/2000\/svg\"><path d=\"M416 208H32c-17.67 0-32 14.33-32 32v32c0 17.67 14.33 32 32 32h384c17.67 0 32-14.33 32-32v-32c0-17.67-14.33-32-32-32z\"><\/path><\/svg><\/span>\n\t\t\t<span class='e-closed'><svg aria-hidden=\"true\" class=\"e-font-icon-svg e-fas-plus\" viewBox=\"0 0 448 512\" xmlns=\"http:\/\/www.w3.org\/2000\/svg\"><path d=\"M416 208H272V64c0-17.67-14.33-32-32-32h-32c-17.67 0-32 14.33-32 32v144H32c-17.67 0-32 14.33-32 32v32c0 17.67 14.33 32 32 32h144v144c0 17.67 14.33 32 32 32h32c17.67 0 32-14.33 32-32V304h144c17.67 0 32-14.33 32-32v-32c0-17.67-14.33-32-32-32z\"><\/path><\/svg><\/span>\n\t\t<\/span>\n\n\t\t\t\t\t\t<\/summary>\n\t\t\t\t<div role=\"region\" aria-labelledby=\"e-n-accordion-item-2234\" class=\"elementor-element elementor-element-acaeede e-flex e-con-boxed e-con e-child\" data-id=\"acaeede\" data-element_type=\"container\" data-e-type=\"container\">\n\t\t\t\t\t<div class=\"e-con-inner\">\n\t\t\t\t<div class=\"elementor-element elementor-element-42cbeeb elementor-widget elementor-widget-text-editor\" data-id=\"42cbeeb\" data-element_type=\"widget\" data-e-type=\"widget\" data-widget_type=\"text-editor.default\">\n\t\t\t\t\t\t\t\t\t<p><span style=\"color: #000000;\"><span style=\"font-weight: 400;\">Las exostosis so<\/span><span style=\"font-weight: 400;\">n protuberancias \u00f3seas benignas que pueden afectar los huesos maxilares. Los torus, son un tipo de exostosis, que pueden presentarse en la parte interna de la mand\u00edbula o en la zona del paladar. Otros tipos de exostosis suelen ser m\u00e1s peque\u00f1as y pueden aparecer en la parte externa del maxilar superior.<\/span><\/span><\/p>\t\t\t\t\t\t\t\t<\/div>\n\t\t\t\t\t<\/div>\n\t\t\t\t<\/div>\n\t\t\t\t\t<\/details>\n\t\t\t\t\t\t<details id=\"e-n-accordion-item-2235\" class=\"e-n-accordion-item\" >\n\t\t\t\t<summary class=\"e-n-accordion-item-title\" data-accordion-index=\"6\" tabindex=\"-1\" aria-expanded=\"false\" aria-controls=\"e-n-accordion-item-2235\" >\n\t\t\t\t\t<span class='e-n-accordion-item-title-header'><h3 class=\"e-n-accordion-item-title-text\"> \u00bfSe pueden prevenir los torus mandibulares? <\/h3><\/span>\n\t\t\t\t\t\t\t<span class='e-n-accordion-item-title-icon'>\n\t\t\t<span class='e-opened' ><svg aria-hidden=\"true\" class=\"e-font-icon-svg e-fas-minus\" viewBox=\"0 0 448 512\" xmlns=\"http:\/\/www.w3.org\/2000\/svg\"><path d=\"M416 208H32c-17.67 0-32 14.33-32 32v32c0 17.67 14.33 32 32 32h384c17.67 0 32-14.33 32-32v-32c0-17.67-14.33-32-32-32z\"><\/path><\/svg><\/span>\n\t\t\t<span class='e-closed'><svg aria-hidden=\"true\" class=\"e-font-icon-svg e-fas-plus\" viewBox=\"0 0 448 512\" xmlns=\"http:\/\/www.w3.org\/2000\/svg\"><path d=\"M416 208H272V64c0-17.67-14.33-32-32-32h-32c-17.67 0-32 14.33-32 32v144H32c-17.67 0-32 14.33-32 32v32c0 17.67 14.33 32 32 32h144v144c0 17.67 14.33 32 32 32h32c17.67 0 32-14.33 32-32V304h144c17.67 0 32-14.33 32-32v-32c0-17.67-14.33-32-32-32z\"><\/path><\/svg><\/span>\n\t\t<\/span>\n\n\t\t\t\t\t\t<\/summary>\n\t\t\t\t<div role=\"region\" aria-labelledby=\"e-n-accordion-item-2235\" class=\"elementor-element elementor-element-24f0c25 e-flex e-con-boxed e-con e-child\" data-id=\"24f0c25\" data-element_type=\"container\" data-e-type=\"container\">\n\t\t\t\t\t<div class=\"e-con-inner\">\n\t\t\t\t<div class=\"elementor-element elementor-element-8a77894 elementor-widget elementor-widget-text-editor\" data-id=\"8a77894\" data-element_type=\"widget\" data-e-type=\"widget\" data-widget_type=\"text-editor.default\">\n\t\t\t\t\t\t\t\t\t<p><span style=\"font-weight: 400; color: #000000;\">El tratamiento quir\u00fargico del torus mandibular se indica solo si existe dolor o dificultad para masticar, hablar o usar pr\u00f3tesis dentales. Si no se presenta ninguna de estas condiciones lo indicado es la supervisi\u00f3n m\u00e9dica.\u00a0<\/span><\/p>\t\t\t\t\t\t\t\t<\/div>\n\t\t\t\t\t<\/div>\n\t\t\t\t<\/div>\n\t\t\t\t\t<\/details>\n\t\t\t\t\t<\/div>\n\t\t\t\t\t<script type=\"application\/ld+json\">{\"@context\":\"https:\\\/\\\/schema.org\",\"@type\":\"FAQPage\",\"mainEntity\":[{\"@type\":\"Question\",\"name\":\"\\u00bfLos torus mandibulares son un tipo de c\\u00e1ncer?\",\"acceptedAnswer\":{\"@type\":\"Answer\",\"text\":\"Los torus mandibulares no son cancer\\u00edgenos, corresponden a un crecimiento \\u00f3seo benigno, no tumoral, de lento crecimiento.\"}},{\"@type\":\"Question\",\"name\":\"\\u00bfSon peligrosos los torus mandibulares?\",\"acceptedAnswer\":{\"@type\":\"Answer\",\"text\":\"Los torus mandibulares no se consideran una patolog\\u00eda peligrosa, pero deben mantenerse bajo observaci\\u00f3n m\\u00e9dica.\"}},{\"@type\":\"Question\",\"name\":\"\\u00bfQui\\u00e9n puede desarrollar un torus mandibular?\",\"acceptedAnswer\":{\"@type\":\"Answer\",\"text\":\"Los torus mandibulares afectan en promedio a un 27% de la poblaci\\u00f3n, siendo m\\u00e1s comunes en varones afroamericanos entre los 35 y los 65 a\\u00f1os.\"}},{\"@type\":\"Question\",\"name\":\"\\u00bfSe pueden prevenir los torus mandibulares?\",\"acceptedAnswer\":{\"@type\":\"Answer\",\"text\":\"El tratamiento quir\\u00fargico del torus mandibular se indica solo si existe dolor o dificultad para masticar, hablar o usar pr\\u00f3tesis dentales. Si no se presenta ninguna de estas condiciones lo indicado es la supervisi\\u00f3n m\\u00e9dica.\\u00a0\"}},{\"@type\":\"Question\",\"name\":\"\\u00bfCu\\u00e1l es la diferencia entre torus mandibulares y exostosis?\",\"acceptedAnswer\":{\"@type\":\"Answer\",\"text\":\"Las exostosis son protuberancias \\u00f3seas benignas que pueden afectar los huesos maxilares. Los torus, son un tipo de exostosis, que pueden presentarse en la parte interna de la mand\\u00edbula o en la zona del paladar. Otros tipos de exostosis suelen ser m\\u00e1s peque\\u00f1as y pueden aparecer en la parte externa del maxilar superior.\"}}]}<\/script>\n\t\t\t\t\t\t\t<\/div>\n\t\t\t\t<div class=\"elementor-element elementor-element-3ac7ec6e elementor-widget elementor-widget-spacer\" data-id=\"3ac7ec6e\" data-element_type=\"widget\" data-e-type=\"widget\" data-widget_type=\"spacer.default\">\n\t\t\t\t\t\t\t<div class=\"elementor-spacer\">\n\t\t\t<div class=\"elementor-spacer-inner\"><\/div>\n\t\t<\/div>\n\t\t\t\t\t\t<\/div>\n\t\t\t\t<div class=\"elementor-element elementor-element-1fcfa42 elementor-widget elementor-widget-spacer\" data-id=\"1fcfa42\" data-element_type=\"widget\" data-e-type=\"widget\" data-widget_type=\"spacer.default\">\n\t\t\t\t\t\t\t<div class=\"elementor-spacer\">\n\t\t\t<div class=\"elementor-spacer-inner\"><\/div>\n\t\t<\/div>\n\t\t\t\t\t\t<\/div>\n\t\t\t\t<section class=\"elementor-section elementor-inner-section elementor-element elementor-element-1cefea4b elementor-section-boxed elementor-section-height-default elementor-section-height-default\" data-id=\"1cefea4b\" data-element_type=\"section\" data-e-type=\"section\">\n\t\t\t\t\t\t<div class=\"elementor-container elementor-column-gap-default\">\n\t\t\t\t\t<div class=\"elementor-column elementor-col-50 elementor-inner-column elementor-element elementor-element-68f261ac\" data-id=\"68f261ac\" data-element_type=\"column\" data-e-type=\"column\">\n\t\t\t<div class=\"elementor-widget-wrap elementor-element-populated\">\n\t\t\t\t\t\t<div class=\"elementor-element elementor-element-734b7ee0 elementor-widget__width-initial elementor-widget elementor-widget-text-editor\" data-id=\"734b7ee0\" data-element_type=\"widget\" data-e-type=\"widget\" data-widget_type=\"text-editor.default\">\n\t\t\t\t\t\t\t\t\t<p><strong><span style=\"color: #000000;\">Share:<\/span><\/strong><\/p>\t\t\t\t\t\t\t\t<\/div>\n\t\t\t\t\t<\/div>\n\t\t<\/div>\n\t\t\t\t<div class=\"elementor-column elementor-col-50 elementor-inner-column elementor-element elementor-element-428936b8\" data-id=\"428936b8\" data-element_type=\"column\" data-e-type=\"column\">\n\t\t\t<div class=\"elementor-widget-wrap elementor-element-populated\">\n\t\t\t\t\t\t<div class=\"elementor-element elementor-element-61930689 elementor-share-buttons--view-icon elementor-share-buttons--skin-flat elementor-share-buttons--shape-circle elementor-grid-0 elementor-share-buttons--color-official elementor-widget elementor-widget-share-buttons\" data-id=\"61930689\" data-element_type=\"widget\" data-e-type=\"widget\" data-widget_type=\"share-buttons.default\">\n\t\t\t\t\t\t\t<div class=\"elementor-grid\" role=\"list\">\n\t\t\t\t\t\t\t\t<div class=\"elementor-grid-item\" role=\"listitem\">\n\t\t\t\t\t\t<div class=\"elementor-share-btn elementor-share-btn_facebook\" role=\"button\" tabindex=\"0\" aria-label=\"Compartir en facebook\">\n\t\t\t\t\t\t\t\t\t\t\t\t\t\t\t<span class=\"elementor-share-btn__icon\">\n\t\t\t\t\t\t\t\t<svg aria-hidden=\"true\" class=\"e-font-icon-svg e-fab-facebook\" viewBox=\"0 0 512 512\" xmlns=\"http:\/\/www.w3.org\/2000\/svg\"><path d=\"M504 256C504 119 393 8 256 8S8 119 8 256c0 123.78 90.69 226.38 209.25 245V327.69h-63V256h63v-54.64c0-62.15 37-96.48 93.67-96.48 27.14 0 55.52 4.84 55.52 4.84v61h-31.28c-30.8 0-40.41 19.12-40.41 38.73V256h68.78l-11 71.69h-57.78V501C413.31 482.38 504 379.78 504 256z\"><\/path><\/svg>\t\t\t\t\t\t\t<\/span>\n\t\t\t\t\t\t\t\t\t\t\t\t\t\t\t\t\t\t\t\t<\/div>\n\t\t\t\t\t<\/div>\n\t\t\t\t\t\t\t\t\t<div class=\"elementor-grid-item\" role=\"listitem\">\n\t\t\t\t\t\t<div class=\"elementor-share-btn elementor-share-btn_twitter\" role=\"button\" tabindex=\"0\" aria-label=\"Compartir en twitter\">\n\t\t\t\t\t\t\t\t\t\t\t\t\t\t\t<span class=\"elementor-share-btn__icon\">\n\t\t\t\t\t\t\t\t<svg aria-hidden=\"true\" class=\"e-font-icon-svg e-fab-twitter\" viewBox=\"0 0 512 512\" xmlns=\"http:\/\/www.w3.org\/2000\/svg\"><path d=\"M459.37 151.716c.325 4.548.325 9.097.325 13.645 0 138.72-105.583 298.558-298.558 298.558-59.452 0-114.68-17.219-161.137-47.106 8.447.974 16.568 1.299 25.34 1.299 49.055 0 94.213-16.568 130.274-44.832-46.132-.975-84.792-31.188-98.112-72.772 6.498.974 12.995 1.624 19.818 1.624 9.421 0 18.843-1.3 27.614-3.573-48.081-9.747-84.143-51.98-84.143-102.985v-1.299c13.969 7.797 30.214 12.67 47.431 13.319-28.264-18.843-46.781-51.005-46.781-87.391 0-19.492 5.197-37.36 14.294-52.954 51.655 63.675 129.3 105.258 216.365 109.807-1.624-7.797-2.599-15.918-2.599-24.04 0-57.828 46.782-104.934 104.934-104.934 30.213 0 57.502 12.67 76.67 33.137 23.715-4.548 46.456-13.32 66.599-25.34-7.798 24.366-24.366 44.833-46.132 57.827 21.117-2.273 41.584-8.122 60.426-16.243-14.292 20.791-32.161 39.308-52.628 54.253z\"><\/path><\/svg>\t\t\t\t\t\t\t<\/span>\n\t\t\t\t\t\t\t\t\t\t\t\t\t\t\t\t\t\t\t\t<\/div>\n\t\t\t\t\t<\/div>\n\t\t\t\t\t\t\t\t\t<div class=\"elementor-grid-item\" role=\"listitem\">\n\t\t\t\t\t\t<div class=\"elementor-share-btn elementor-share-btn_linkedin\" role=\"button\" tabindex=\"0\" aria-label=\"Compartir en linkedin\">\n\t\t\t\t\t\t\t\t\t\t\t\t\t\t\t<span class=\"elementor-share-btn__icon\">\n\t\t\t\t\t\t\t\t<svg aria-hidden=\"true\" class=\"e-font-icon-svg e-fab-linkedin\" viewBox=\"0 0 448 512\" xmlns=\"http:\/\/www.w3.org\/2000\/svg\"><path d=\"M416 32H31.9C14.3 32 0 46.5 0 64.3v383.4C0 465.5 14.3 480 31.9 480H416c17.6 0 32-14.5 32-32.3V64.3c0-17.8-14.4-32.3-32-32.3zM135.4 416H69V202.2h66.5V416zm-33.2-243c-21.3 0-38.5-17.3-38.5-38.5S80.9 96 102.2 96c21.2 0 38.5 17.3 38.5 38.5 0 21.3-17.2 38.5-38.5 38.5zm282.1 243h-66.4V312c0-24.8-.5-56.7-34.5-56.7-34.6 0-39.9 27-39.9 54.9V416h-66.4V202.2h63.7v29.2h.9c8.9-16.8 30.6-34.5 62.9-34.5 67.2 0 79.7 44.3 79.7 101.9V416z\"><\/path><\/svg>\t\t\t\t\t\t\t<\/span>\n\t\t\t\t\t\t\t\t\t\t\t\t\t\t\t\t\t\t\t\t<\/div>\n\t\t\t\t\t<\/div>\n\t\t\t\t\t\t\t\t\t<div class=\"elementor-grid-item\" role=\"listitem\">\n\t\t\t\t\t\t<div class=\"elementor-share-btn elementor-share-btn_email\" role=\"button\" tabindex=\"0\" aria-label=\"Compartir en email\">\n\t\t\t\t\t\t\t\t\t\t\t\t\t\t\t<span class=\"elementor-share-btn__icon\">\n\t\t\t\t\t\t\t\t<svg aria-hidden=\"true\" class=\"e-font-icon-svg e-fas-envelope\" viewBox=\"0 0 512 512\" xmlns=\"http:\/\/www.w3.org\/2000\/svg\"><path d=\"M502.3 190.8c3.9-3.1 9.7-.2 9.7 4.7V400c0 26.5-21.5 48-48 48H48c-26.5 0-48-21.5-48-48V195.6c0-5 5.7-7.8 9.7-4.7 22.4 17.4 52.1 39.5 154.1 113.6 21.1 15.4 56.7 47.8 92.2 47.6 35.7.3 72-32.8 92.3-47.6 102-74.1 131.6-96.3 154-113.7zM256 320c23.2.4 56.6-29.2 73.4-41.4 132.7-96.3 142.8-104.7 173.4-128.7 5.8-4.5 9.2-11.5 9.2-18.9v-19c0-26.5-21.5-48-48-48H48C21.5 64 0 85.5 0 112v19c0 7.4 3.4 14.3 9.2 18.9 30.6 23.9 40.7 32.4 173.4 128.7 16.8 12.2 50.2 41.8 73.4 41.4z\"><\/path><\/svg>\t\t\t\t\t\t\t<\/span>\n\t\t\t\t\t\t\t\t\t\t\t\t\t\t\t\t\t\t\t\t<\/div>\n\t\t\t\t\t<\/div>\n\t\t\t\t\t\t\t\t\t<div class=\"elementor-grid-item\" role=\"listitem\">\n\t\t\t\t\t\t<div class=\"elementor-share-btn elementor-share-btn_print\" role=\"button\" tabindex=\"0\" aria-label=\"Compartir en print\">\n\t\t\t\t\t\t\t\t\t\t\t\t\t\t\t<span class=\"elementor-share-btn__icon\">\n\t\t\t\t\t\t\t\t<svg aria-hidden=\"true\" class=\"e-font-icon-svg e-fas-print\" viewBox=\"0 0 512 512\" xmlns=\"http:\/\/www.w3.org\/2000\/svg\"><path d=\"M448 192V77.25c0-8.49-3.37-16.62-9.37-22.63L393.37 9.37c-6-6-14.14-9.37-22.63-9.37H96C78.33 0 64 14.33 64 32v160c-35.35 0-64 28.65-64 64v112c0 8.84 7.16 16 16 16h48v96c0 17.67 14.33 32 32 32h320c17.67 0 32-14.33 32-32v-96h48c8.84 0 16-7.16 16-16V256c0-35.35-28.65-64-64-64zm-64 256H128v-96h256v96zm0-224H128V64h192v48c0 8.84 7.16 16 16 16h48v96zm48 72c-13.25 0-24-10.75-24-24 0-13.26 10.75-24 24-24s24 10.74 24 24c0 13.25-10.75 24-24 24z\"><\/path><\/svg>\t\t\t\t\t\t\t<\/span>\n\t\t\t\t\t\t\t\t\t\t\t\t\t\t\t\t\t\t\t\t<\/div>\n\t\t\t\t\t<\/div>\n\t\t\t\t\t\t<\/div>\n\t\t\t\t\t\t<\/div>\n\t\t\t\t\t<\/div>\n\t\t<\/div>\n\t\t\t\t\t<\/div>\n\t\t<\/section>\n\t\t\t\t<div class=\"elementor-element elementor-element-78a1d7d elementor-widget elementor-widget-spacer\" data-id=\"78a1d7d\" data-element_type=\"widget\" data-e-type=\"widget\" data-widget_type=\"spacer.default\">\n\t\t\t\t\t\t\t<div class=\"elementor-spacer\">\n\t\t\t<div class=\"elementor-spacer-inner\"><\/div>\n\t\t<\/div>\n\t\t\t\t\t\t<\/div>\n\t\t\t\t<div class=\"elementor-element elementor-element-7fefe30 elementor-widget elementor-widget-spacer\" data-id=\"7fefe30\" data-element_type=\"widget\" data-e-type=\"widget\" data-widget_type=\"spacer.default\">\n\t\t\t\t\t\t\t<div class=\"elementor-spacer\">\n\t\t\t<div class=\"elementor-spacer-inner\"><\/div>\n\t\t<\/div>\n\t\t\t\t\t\t<\/div>\n\t\t\t\t<div class=\"elementor-element elementor-element-9eb48ea elementor-widget elementor-widget-text-editor\" data-id=\"9eb48ea\" data-element_type=\"widget\" data-e-type=\"widget\" data-widget_type=\"text-editor.default\">\n\t\t\t\t\t\t\t\t\t<h2><span style=\"color: #000000;\">Referencias<\/span><\/h2>\t\t\t\t\t\t\t\t<\/div>\n\t\t\t\t<div class=\"elementor-element elementor-element-30e5efcb elementor-widget elementor-widget-text-editor\" data-id=\"30e5efcb\" data-element_type=\"widget\" data-e-type=\"widget\" data-widget_type=\"text-editor.default\">\n\t\t\t\t\t\t\t\t\t<p style=\"text-align: left;\"><span style=\"color: #000000;\">1. Mandibular Tori: Bony growths under your tongue. (s\/f). Cleveland Clinic. Retrieved November 4, 2023, from <strong><a href=\"https:\/\/my.clevelandclinic.org\/health\/diseases\/24830-mandibular-tori\" target=\"_blank\" rel=\"noopener\"><span style=\"color: #0000ff;\">https:\/\/my.clevelandclinic.org\/health\/diseases\/24830-mandibular-tori<\/span><\/a><\/strong><\/span><\/p><p style=\"text-align: left;\"><span style=\"color: #000000;\">2. Christiano, D. (Dec 6, 2017). Torus palatinus: Symptoms, diagnosis, causes, and more. Healthline. <strong><a href=\"https:\/\/www.healthline.com\/health\/torus-palatinus\" target=\"_blank\" rel=\"nofollow noopener\"><span style=\"color: #0000ff;\">https:\/\/www.healthline.com\/health\/torus-palatinus<\/span><\/a><\/strong><\/span><\/p><p style=\"text-align: left;\"><span style=\"color: #000000;\">3. Mouth anatomy. (Jun 13, 2023). Medscape.com. <strong><a href=\"https:\/\/emedicine.medscape.com\/article\/1899122-images\" target=\"_blank\" rel=\"nofollow noopener\"><span style=\"color: #0000ff;\">https:\/\/emedicine.medscape.com\/article\/1899122-images<\/span><\/a><\/strong><\/span><\/p><p style=\"text-align: left;\"><span style=\"color: #000000;\">4. Collier, V. C., &amp; Jackson, C. D. (2020). Nodular growths on the lingual surface of the mandibular jaw. Mayo Clinic Proceedings. Mayo Clinic, 95(7), 1549. <strong><a href=\"https:\/\/doi.org\/10.1016\/j.mayocp.2020.02.010\" target=\"_blank\" rel=\"nofollow noopener\"><span style=\"color: #0000ff;\">https:\/\/doi.org\/10.1016\/j.mayocp.2020.02.010<\/span><\/a><\/strong><\/span><\/p><p style=\"text-align: left;\"><span style=\"color: #000000;\">5. http:\/\/dx.doi.org\/10.1037\/0033-295X.102.2.213 Franco Moraes Junior, E., Andreotti Damante, C., &amp; Ricardo Ara\u00fajo, S. (2010). Palatal exostosis: graft option for alveolar ridge reconstruction. International Journal of Restorative Dentistry and Periodontics, 14(3), 282\u2013289. <strong><a href=\"https:\/\/www.elsevier.es\/es-revista-revista-internacional-odontologia-restauradora-periodoncia-314-articulo-exostosis-palatina-opcion-injerto-reconstruccion-X1137663510702572\" target=\"_blank\" rel=\"nofollow noopener\"><span style=\"color: #0000ff;\">https:\/\/www.elsevier.es\/es-revista-revista-internacional-odontologia-restauradora-periodoncia-314-articulo-exostosis-palatina-opcion-injerto-reconstruccion-X1137663510702572<\/span><\/a><\/strong><\/span><\/p><p style=\"text-align: left;\"><span style=\"color: #000000;\">6. Lease, L. R. (2021). Correlations between dental wear and oral cavity characteristics: Mandibular torus, palatine torus, and oral exostoses. American Journal of Human Biology: The Official Journal of the Human Biology Council, 33(2). <strong><a href=\"https:\/\/doi.org\/10.1002\/ajhb.23446\" target=\"_blank\" rel=\"nofollow noopener\"><span style=\"color: #0000ff;\">https:\/\/doi.org\/10.1002\/ajhb.23446<\/span><\/a><\/strong><\/span><\/p><p style=\"text-align: left;\"><span style=\"color: #000000;\">7. Rodriguez-Vazquez , J. F. , Sakiyama , K. , Verdugo-Lopez , S. , Amano , O. , Murakami , G. , &amp; Abe , S. (2013). Origin of the mandibular torus: An embryological hypothesis.Clinical Anatomy (New York, N.Y.), 26(8), 944\u2013952. <strong><a href=\"https:\/\/doi.org\/10.1002\/ca.22275\" target=\"_blank\" rel=\"nofollow noopener\"><em><span style=\"color: #0000ff;\">https:\/\/doi.org\/10.1002\/ca.22275<\/span><\/em><\/a><\/strong><\/span><\/p><p style=\"text-align: left;\"><span style=\"color: #000000;\">8. Lee, H.-M., Kang, D.-W., Yun, P.-Y., Kim, I.-H., &amp; Kim, Y.-K. (2021). Associations between mandibular torus and types of temporomandibular disorders, and the clinical usefulness of temporary splint for checking bruxism. BMC Oral Health, 21(1). <span style=\"color: #0000ff;\"><strong><a style=\"color: #0000ff;\" href=\"https:\/\/doi.org\/10.1186\/s12903-021-01550-y\" target=\"_blank\" rel=\"nofollow noopener\">https:\/\/doi.org\/10.1186\/s12903-021-01550-y<\/a><\/strong><\/span><\/span><\/p>\t\t\t\t\t\t\t\t<\/div>\n\t\t\t\t\t<\/div>\n\t\t<\/div>\n\t\t\t\t\t<\/div>\n\t\t<\/section>\n\t\t\t\t<\/div>\n\t\t","protected":false},"excerpt":{"rendered":"<p>\u00bfQu\u00e9 es un torus mandibular?: Causas y s\u00edntomas \u00bfHas escuchado hablar sobre los torus mandibulares? Este art\u00edculo te guiar\u00e1 a [&hellip;]<\/p>\n","protected":false},"author":19,"featured_media":38806,"comment_status":"closed","ping_status":"closed","sticky":false,"template":"","format":"standard","meta":{"site-sidebar-layout":"default","site-content-layout":"","ast-site-content-layout":"default","site-content-style":"default","site-sidebar-style":"default","ast-global-header-display":"","ast-banner-title-visibility":"","ast-main-header-display":"","ast-hfb-above-header-display":"","ast-hfb-below-header-display":"","ast-hfb-mobile-header-display":"","site-post-title":"","ast-breadcrumbs-content":"","ast-featured-img":"","footer-sml-layout":"","ast-disable-related-posts":"","theme-transparent-header-meta":"default","adv-header-id-meta":"","stick-header-meta":"","header-above-stick-meta":"","header-main-stick-meta":"","header-below-stick-meta":"","astra-migrate-meta-layouts":"set","ast-page-background-enabled":"default","ast-page-background-meta":{"desktop":{"background-color":"var(--ast-global-color-4)","background-image":"","background-repeat":"repeat","background-position":"center center","background-size":"auto","background-attachment":"scroll","background-type":"","background-media":"","overlay-type":"","overlay-color":"","overlay-opacity":"","overlay-gradient":""},"tablet":{"background-color":"","background-image":"","background-repeat":"repeat","background-position":"center center","background-size":"auto","background-attachment":"scroll","background-type":"","background-media":"","overlay-type":"","overlay-color":"","overlay-opacity":"","overlay-gradient":""},"mobile":{"background-color":"","background-image":"","background-repeat":"repeat","background-position":"center center","background-size":"auto","background-attachment":"scroll","background-type":"","background-media":"","overlay-type":"","overlay-color":"","overlay-opacity":"","overlay-gradient":""}},"ast-content-background-meta":{"desktop":{"background-color":"var(--ast-global-color-5)","background-image":"","background-repeat":"repeat","background-position":"center center","background-size":"auto","background-attachment":"scroll","background-type":"","background-media":"","overlay-type":"","overlay-color":"","overlay-opacity":"","overlay-gradient":""},"tablet":{"background-color":"var(--ast-global-color-5)","background-image":"","background-repeat":"repeat","background-position":"center center","background-size":"auto","background-attachment":"scroll","background-type":"","background-media":"","overlay-type":"","overlay-color":"","overlay-opacity":"","overlay-gradient":""},"mobile":{"background-color":"var(--ast-global-color-5)","background-image":"","background-repeat":"repeat","background-position":"center center","background-size":"auto","background-attachment":"scroll","background-type":"","background-media":"","overlay-type":"","overlay-color":"","overlay-opacity":"","overlay-gradient":""}},"footnotes":""},"categories":[758,754],"tags":[],"ppma_author":[8383],"class_list":["post-39288","post","type-post","status-publish","format-standard","has-post-thumbnail","hentry","category-enfermedades-bucales-y-faciales","category-enfermedades-dentales","author-gustavo"],"authors":[{"term_id":8383,"user_id":0,"is_guest":1,"slug":"gustavo","display_name":"Gustavo Assatourians","avatar_url":{"url":"https:\/\/worldofdentistry.org\/wp-content\/uploads\/2025\/01\/dr-gustavo.png","url2x":"https:\/\/worldofdentistry.org\/wp-content\/uploads\/2025\/01\/dr-gustavo.png"},"first_name":"Gustavo","last_name":"Assatourians","user_url":"","job_title":"","linkedin":"","description":""}],"_links":{"self":[{"href":"https:\/\/worldofdentistry.org\/es\/wp-json\/wp\/v2\/posts\/39288","targetHints":{"allow":["GET"]}}],"collection":[{"href":"https:\/\/worldofdentistry.org\/es\/wp-json\/wp\/v2\/posts"}],"about":[{"href":"https:\/\/worldofdentistry.org\/es\/wp-json\/wp\/v2\/types\/post"}],"author":[{"embeddable":true,"href":"https:\/\/worldofdentistry.org\/es\/wp-json\/wp\/v2\/users\/19"}],"replies":[{"embeddable":true,"href":"https:\/\/worldofdentistry.org\/es\/wp-json\/wp\/v2\/comments?post=39288"}],"version-history":[{"count":0,"href":"https:\/\/worldofdentistry.org\/es\/wp-json\/wp\/v2\/posts\/39288\/revisions"}],"wp:featuredmedia":[{"embeddable":true,"href":"https:\/\/worldofdentistry.org\/es\/wp-json\/wp\/v2\/media\/38806"}],"wp:attachment":[{"href":"https:\/\/worldofdentistry.org\/es\/wp-json\/wp\/v2\/media?parent=39288"}],"wp:term":[{"taxonomy":"category","embeddable":true,"href":"https:\/\/worldofdentistry.org\/es\/wp-json\/wp\/v2\/categories?post=39288"},{"taxonomy":"post_tag","embeddable":true,"href":"https:\/\/worldofdentistry.org\/es\/wp-json\/wp\/v2\/tags?post=39288"},{"taxonomy":"author","embeddable":true,"href":"https:\/\/worldofdentistry.org\/es\/wp-json\/wp\/v2\/ppma_author?post=39288"}],"curies":[{"name":"wp","href":"https:\/\/api.w.org\/{rel}","templated":true}]}}