{"id":20017,"date":"2023-01-27T09:46:25","date_gmt":"2023-01-27T17:46:25","guid":{"rendered":"https:\/\/worldofdentistry.org\/?p=20017"},"modified":"2025-09-19T12:53:20","modified_gmt":"2025-09-19T19:53:20","slug":"saliva-excesiva-durante-el-embarazo","status":"publish","type":"post","link":"https:\/\/worldofdentistry.org\/es\/saliva-excesiva-durante-el-embarazo\/","title":{"rendered":"Ptialismo Grav\u00eddico: Saliva excesiva durante el embarazo"},"content":{"rendered":"\t\t<div data-elementor-type=\"wp-post\" data-elementor-id=\"20017\" class=\"elementor elementor-20017 elementor-2546\" data-elementor-post-type=\"post\">\n\t\t\t\t\t\t<section class=\"elementor-section elementor-top-section elementor-element elementor-element-de29656 elementor-section-boxed elementor-section-height-default elementor-section-height-default\" data-id=\"de29656\" data-element_type=\"section\" data-e-type=\"section\">\n\t\t\t\t\t\t<div class=\"elementor-container elementor-column-gap-default\">\n\t\t\t\t\t<div class=\"elementor-column elementor-col-100 elementor-top-column elementor-element elementor-element-876be66\" data-id=\"876be66\" data-element_type=\"column\" data-e-type=\"column\">\n\t\t\t<div class=\"elementor-widget-wrap elementor-element-populated\">\n\t\t\t\t\t\t<div class=\"elementor-element elementor-element-ed360b6 elementor-widget elementor-widget-spacer\" data-id=\"ed360b6\" data-element_type=\"widget\" data-e-type=\"widget\" data-widget_type=\"spacer.default\">\n\t\t\t\t\t\t\t<div class=\"elementor-spacer\">\n\t\t\t<div class=\"elementor-spacer-inner\"><\/div>\n\t\t<\/div>\n\t\t\t\t\t\t<\/div>\n\t\t\t\t<div class=\"elementor-element elementor-element-919f2c9 elementor-widget elementor-widget-spacer\" data-id=\"919f2c9\" data-element_type=\"widget\" data-e-type=\"widget\" data-widget_type=\"spacer.default\">\n\t\t\t\t\t\t\t<div class=\"elementor-spacer\">\n\t\t\t<div class=\"elementor-spacer-inner\"><\/div>\n\t\t<\/div>\n\t\t\t\t\t\t<\/div>\n\t\t\t\t\t<\/div>\n\t\t<\/div>\n\t\t\t\t\t<\/div>\n\t\t<\/section>\n\t\t\t\t<section class=\"elementor-section elementor-top-section elementor-element elementor-element-10005b2 elementor-section-boxed elementor-section-height-default elementor-section-height-default\" data-id=\"10005b2\" data-element_type=\"section\" data-e-type=\"section\">\n\t\t\t\t\t\t<div class=\"elementor-container elementor-column-gap-default\">\n\t\t\t\t\t<div class=\"elementor-column elementor-col-100 elementor-top-column elementor-element elementor-element-b19f8b7\" data-id=\"b19f8b7\" data-element_type=\"column\" data-e-type=\"column\">\n\t\t\t<div class=\"elementor-widget-wrap elementor-element-populated\">\n\t\t\t\t\t\t<div class=\"elementor-element elementor-element-26bad38 elementor-widget elementor-widget-text-editor\" data-id=\"26bad38\" data-element_type=\"widget\" data-e-type=\"widget\" data-widget_type=\"text-editor.default\">\n\t\t\t\t\t\t\t\t\t<p><span style=\"color: #000000;\">\u00bfTe preocupa saliva excesiva durante el embarazo?<\/span><\/p><p><span style=\"font-weight: 400; color: #000000;\"><span style=\"vertical-align: inherit;\"><span style=\"vertical-align: inherit;\">La saliva es un l\u00edquido acuoso que es secretado por gl\u00e1ndulas presentes en la boca y cumple funciones importantes para la masticaci\u00f3n, digesti\u00f3n, protecci\u00f3n contra infecciones, habla y gusto. Pero \u00bfqu\u00e9 pasa cuando se produce m\u00e1s saliva de la necesaria? La <span style=\"color: #0000ff;\"><strong><a style=\"color: #0000ff;\" href=\"https:\/\/worldofdentistry.org\/es\/por-que-mi-boca-produce-tanta-saliva\/\" target=\"_blank\">producci\u00f3n excesiva de saliva<\/a><\/strong><\/span> durante el embarazo (ptialismo del embarazo) es una condici\u00f3n f\u00edsica y mental que puede resultar muy inc\u00f3moda y desagradable.<\/span><\/span><\/span><\/p><p><span style=\"font-weight: 400; color: #000000;\"><span style=\"vertical-align: inherit;\"><span style=\"vertical-align: inherit;\">Estuvo presente durante los primeros tres meses de embarazo y podr\u00eda ser motivo de preocupaci\u00f3n para su madre. Adem\u00e1s, se resuelven varias dudas sobre esta molesta situaci\u00f3n.<\/span><\/span><\/span><\/p><h2><span style=\"color: #000000;\"><span style=\"vertical-align: inherit;\"><span style=\"vertical-align: inherit;\">\u00bfQu\u00e9 es el ptialismo o saliva excesiva durante el embarazo?<\/span><\/span><\/span><\/h2><p><span style=\"font-weight: 400; color: #000000;\"><span style=\"vertical-align: inherit;\"><span style=\"vertical-align: inherit;\">El ptialismo (tambi\u00e9n llamado hipersalivaci\u00f3n o sialorrea) se refiere a la producci\u00f3n de saliva excesiva durante el embarazo.<\/span><\/span><\/span><\/p><p><span style=\"font-weight: 400; color: #000000;\"><span style=\"vertical-align: inherit;\"><span style=\"vertical-align: inherit;\"> Una persona que padece ptialismo podr\u00eda producir m\u00e1s de 2 litros de saliva al d\u00eda. Podr\u00e1s presentarte ante mujeres embarazadas desde las primeras semanas de concepci\u00f3n. Generalmente desaparece en el primer trimestre; Sin embargo, en algunos casos esto s\u00f3lo termina hasta el momento del nacimiento.<\/span><\/span><\/span><\/p><h2><span style=\"color: #000000;\"><span style=\"vertical-align: inherit;\"><span style=\"vertical-align: inherit;\">\u00bfQu\u00e9 se siente al sufrir ptialismo?<\/span><\/span><\/span><\/h2><p><span style=\"color: #000000;\"><span style=\"vertical-align: inherit;\"><span style=\"vertical-align: inherit;\">Sin embargo, la saliva excesiva durante el embarazo puede causar varias complicaciones.<\/span><\/span><\/span><\/p><p style=\"padding-left: 40px;\"><span style=\"color: #000000;\"><strong><span style=\"vertical-align: inherit;\"><span style=\"vertical-align: inherit;\">\u2022<\/span><\/span><\/strong><span style=\"vertical-align: inherit;\"><span style=\"vertical-align: inherit;\"> Dificultad para hablar<\/span><\/span><\/span><\/p><p style=\"padding-left: 40px;\"><span style=\"color: #000000;\"><strong><span style=\"vertical-align: inherit;\"><span style=\"vertical-align: inherit;\">\u2022<\/span><\/span><\/strong><span style=\"vertical-align: inherit;\"><span style=\"vertical-align: inherit;\"> Distensi\u00f3n de mejillas<\/span><\/span><\/span><\/p><p style=\"padding-left: 40px;\"><span style=\"color: #000000;\"><strong><span style=\"vertical-align: inherit;\"><span style=\"vertical-align: inherit;\">\u2022<\/span><\/span><\/strong><span style=\"vertical-align: inherit;\"><span style=\"vertical-align: inherit;\"> Gl\u00e1ndulas salivales inflamadas<\/span><\/span><\/span><\/p><p style=\"padding-left: 40px;\"><span style=\"color: #000000;\"><strong><span style=\"vertical-align: inherit;\"><span style=\"vertical-align: inherit;\">\u2022<\/span><\/span><\/strong><span style=\"vertical-align: inherit;\"><span style=\"vertical-align: inherit;\"> Problemas para dormir<\/span><\/span><\/span><\/p><p style=\"padding-left: 40px;\"><span style=\"color: #000000;\"><strong><span style=\"vertical-align: inherit;\"><span style=\"vertical-align: inherit;\">\u2022<\/span><\/span><\/strong><span style=\"vertical-align: inherit;\"><span style=\"vertical-align: inherit;\"> Fatiga y cansancio<\/span><\/span><\/span><\/p><p style=\"padding-left: 40px;\"><span style=\"color: #000000;\"><strong><span style=\"vertical-align: inherit;\"><span style=\"vertical-align: inherit;\">\u2022<\/span><\/span><\/strong><span style=\"vertical-align: inherit;\"><span style=\"vertical-align: inherit;\"> Mal sabor de boca<\/span><\/span><\/span><\/p><p style=\"padding-left: 40px;\"><span style=\"color: #000000;\"><strong><span style=\"vertical-align: inherit;\"><span style=\"vertical-align: inherit;\">\u2022<\/span><\/span><\/strong><span style=\"vertical-align: inherit;\"><span style=\"vertical-align: inherit;\"> Disminuci\u00f3n del apetito<\/span><\/span><\/span><\/p><p style=\"padding-left: 40px;\"><span style=\"color: #000000;\"><strong><span style=\"vertical-align: inherit;\"><span style=\"vertical-align: inherit;\">\u2022<\/span><\/span><\/strong><span style=\"vertical-align: inherit;\"><span style=\"vertical-align: inherit;\"> Depresi\u00f3n<\/span><\/span><\/span><\/p><p style=\"padding-left: 40px;\"><span style=\"color: #000000;\"><strong><span style=\"vertical-align: inherit;\"><span style=\"vertical-align: inherit;\">\u2022<\/span><\/span><\/strong><span style=\"vertical-align: inherit;\"><span style=\"vertical-align: inherit;\"> Dificultad para relacionarse con otras personas.<\/span><\/span><\/span><\/p><p style=\"padding-left: 40px;\"><span style=\"color: #000000;\"><strong><span style=\"vertical-align: inherit;\"><span style=\"vertical-align: inherit;\">\u2022<\/span><\/span><\/strong><span style=\"vertical-align: inherit;\"><span style=\"vertical-align: inherit;\"> Aumento de la sensaci\u00f3n de n\u00e1useas<\/span><\/span><\/span><\/p><h2><span style=\"color: #000000;\"><span style=\"vertical-align: inherit;\"><span style=\"vertical-align: inherit;\">\u00bfQu\u00e9 causa la saliva excesiva durante el embarazo?<\/span><\/span><\/span><\/h2><p><span style=\"font-weight: 400; color: #000000;\"><span style=\"vertical-align: inherit;\"><span style=\"vertical-align: inherit;\">Durante la crisis se producen hormonas que se encargan de realizar cambios en el cuerpo para poder llevar y dar a luz al beb\u00e9, como estr\u00f3genos, progesterona, prolactina, relaxina, entre otras. Se sabe que la secreci\u00f3n de saliva est\u00e1 regulada por el sistema nervioso y se cree que algunas hormonas entre las mencionadas anteriormente pueden afectar el sistema nervioso aumentando el flujo salival.<\/span><\/span><\/span><\/p><p><span style=\"font-weight: 400; color: #000000;\"><span style=\"vertical-align: inherit;\"><span style=\"vertical-align: inherit;\">Sin embargo, por el momento esto no ha sido probado, por lo que la causa espec\u00edfica de la <span style=\"color: #000000;\">saliva excesiva durante el embarazo <\/span>sigue siendo un misterio.<\/span><\/span><\/span><\/p><p><img fetchpriority=\"high\" decoding=\"async\" class=\"aligncenter wp-image-2566\" src=\"https:\/\/worldofdentistry.org\/wp-content\/uploads\/2023\/01\/GettyImages-1310443783-2000-3fe0eb1818e84997915c83fc14e58777-e1674840712686-1024x535.webp\" alt=\"Saliva excesiva durante la verg\u00fcenza.\" width=\"600\" height=\"313\" title=\"\" srcset=\"https:\/\/worldofdentistry.org\/wp-content\/uploads\/2023\/01\/GettyImages-1310443783-2000-3fe0eb1818e84997915c83fc14e58777-e1674840712686-1024x535.webp 1024w, https:\/\/worldofdentistry.org\/wp-content\/uploads\/2023\/01\/GettyImages-1310443783-2000-3fe0eb1818e84997915c83fc14e58777-e1674840712686-600x313.webp 600w, https:\/\/worldofdentistry.org\/wp-content\/uploads\/2023\/01\/GettyImages-1310443783-2000-3fe0eb1818e84997915c83fc14e58777-e1674840712686-300x157.webp 300w, https:\/\/worldofdentistry.org\/wp-content\/uploads\/2023\/01\/GettyImages-1310443783-2000-3fe0eb1818e84997915c83fc14e58777-e1674840712686-768x401.webp 768w, https:\/\/worldofdentistry.org\/wp-content\/uploads\/2023\/01\/GettyImages-1310443783-2000-3fe0eb1818e84997915c83fc14e58777-e1674840712686-150x78.webp 150w, https:\/\/worldofdentistry.org\/wp-content\/uploads\/2023\/01\/GettyImages-1310443783-2000-3fe0eb1818e84997915c83fc14e58777-e1674840712686.webp 1500w\" sizes=\"(max-width: 600px) 100vw, 600px\" \/><\/p><h2><span style=\"color: #000000;\"><span style=\"vertical-align: inherit;\"><span style=\"vertical-align: inherit;\">\u00bfCu\u00e1ndo se puede esperar ptialismo?<\/span><\/span><\/span><\/h2><p><span style=\"color: #000000;\"><span style=\"vertical-align: inherit;\"><span style=\"vertical-align: inherit;\">Se cree que la saliva excesiva durante el embarazo es m\u00e1s com\u00fan entre mujeres que tienen:<\/span><\/span><\/span><\/p><p style=\"padding-left: 40px;\"><span style=\"color: #000000;\"><strong><span style=\"vertical-align: inherit;\"><span style=\"vertical-align: inherit;\">\u2022<\/span><\/span><\/strong><span style=\"vertical-align: inherit;\"><span style=\"vertical-align: inherit;\"> Familiares que hayan padecido esta misma enfermedad.<\/span><\/span><\/span><\/p><p style=\"padding-left: 40px;\"><span style=\"color: #000000;\"><strong><span style=\"vertical-align: inherit;\"><span style=\"vertical-align: inherit;\">\u2022<\/span><\/span><\/strong><span style=\"vertical-align: inherit;\"><span style=\"vertical-align: inherit;\"> Historia personal de n\u00e1useas o v\u00f3mitos durante el embarazo.<\/span><\/span><\/span><\/p><h2><span style=\"color: #000000;\"><span style=\"vertical-align: inherit;\"><span style=\"vertical-align: inherit;\">\u00bfQu\u00e9 hacer al respecto?<\/span><\/span><\/span><\/h2><p><span style=\"color: #000000;\"><span style=\"vertical-align: inherit;\"><span style=\"vertical-align: inherit;\">Hasta la fecha no se ha encontrado un tratamiento 100% efectivo para la saliva excesiva durante el embarazo, pero se conocen algunos consejos que podr\u00edan ayudar:<\/span><\/span><\/span><\/p><p style=\"padding-left: 40px;\"><span style=\"color: #000000;\"><strong><span style=\"vertical-align: inherit;\"><span style=\"vertical-align: inherit;\">\u2022<\/span><\/span><\/strong><span style=\"vertical-align: inherit;\"><span style=\"vertical-align: inherit;\"> Beba mucha agua para diluir la saliva producida y hacerla m\u00e1s f\u00e1cil de tragar.<\/span><\/span><\/span><\/p><p style=\"padding-left: 40px;\"><span style=\"color: #000000;\"><strong><span style=\"vertical-align: inherit;\"><span style=\"vertical-align: inherit;\">\u2022<\/span><\/span><\/strong><span style=\"vertical-align: inherit;\"><span style=\"vertical-align: inherit;\"><span style=\"color: #0000ff;\"><strong><a style=\"color: #0000ff;\" href=\"https:\/\/worldofdentistry.org\/es\/masticar-chicle-en-la-salud-dental\/\" target=\"_blank\"> Masticar chicle sin az\u00facar<\/a> <\/strong><\/span>puede <\/span><\/span><\/span><span style=\"color: #000000;\"><span style=\"vertical-align: inherit;\"><span style=\"vertical-align: inherit;\">facilitar la degluci\u00f3n del exceso de saliva.<\/span><\/span><\/span><\/p><p style=\"padding-left: 40px;\"><span style=\"color: #000000;\"><strong><span style=\"vertical-align: inherit;\"><span style=\"vertical-align: inherit;\">\u2022<\/span><\/span><\/strong><span style=\"vertical-align: inherit;\"><span style=\"vertical-align: inherit;\"> Evite los alimentos que inducen una salivaci\u00f3n excesiva, especialmente aquellos que contienen almid\u00f3n: pan, arroz, gachas, etc.<\/span><\/span><\/span><\/p><p style=\"padding-left: 40px;\"><span style=\"color: #000000;\"><strong><span style=\"vertical-align: inherit;\"><span style=\"vertical-align: inherit;\">\u2022<\/span><\/span><\/strong><span style=\"vertical-align: inherit;\"><span style=\"vertical-align: inherit;\"> No utilice enjuagues con alcohol, ya que esto puede crear una sensaci\u00f3n de sequedad en la boca.<\/span><\/span><\/span><\/p><p style=\"padding-left: 40px;\"><span style=\"color: #000000;\"><strong><span style=\"vertical-align: inherit;\"><span style=\"vertical-align: inherit;\">\u2022<\/span><\/span><\/strong><span style=\"vertical-align: inherit;\"><span style=\"vertical-align: inherit;\"> Mantener una higiene bucal estricta puede evitar que el mal sabor de boca aumente las n\u00e1useas.<\/span><\/span><\/span><\/p><p><span style=\"color: #000000;\"><span style=\"vertical-align: inherit;\"><span style=\"vertical-align: inherit;\">En los casos en los que la saliva excesiva durante el embarazo no desaparezca tras el tercer mes, y afecta significativamente a la calidad de vida del paciente, se puede recurrir a otros tratamientos que, si no eliminan por completo esta alteraci\u00f3n, pueden ayudar a reducirla. intensidad.<\/span><\/span><\/span><\/p><p><span style=\"color: #000000;\"><span style=\"vertical-align: inherit;\"><span style=\"vertical-align: inherit;\">Estas alternativas siempre deben implementarse bajo la aprobaci\u00f3n y supervisi\u00f3n de un m\u00e9dico o dentista:<\/span><\/span><\/span><\/p><p style=\"padding-left: 40px;\"><span style=\"color: #000000;\"><strong><span style=\"vertical-align: inherit;\"><span style=\"vertical-align: inherit;\">\u2022<\/span><\/span><\/strong><span style=\"vertical-align: inherit;\"><span style=\"vertical-align: inherit;\"> Acupuntura<\/span><\/span><\/span><\/p><p style=\"padding-left: 40px;\"><span style=\"color: #000000;\"><strong><span style=\"vertical-align: inherit;\"><span style=\"vertical-align: inherit;\">\u2022<\/span><\/span><\/strong><span style=\"vertical-align: inherit;\"><span style=\"vertical-align: inherit;\"> Hipnosis<\/span><\/span><\/span><\/p><p style=\"padding-left: 40px;\"><span style=\"color: #000000;\"><strong><span style=\"vertical-align: inherit;\"><span style=\"vertical-align: inherit;\">\u2022<\/span><\/span><\/strong><span style=\"vertical-align: inherit;\"><span style=\"vertical-align: inherit;\"> Uso de medicamentos para reducir el flujo salival.<\/span><\/span><\/span><\/p><h2><span style=\"color: #000000;\"><span style=\"vertical-align: inherit;\"><span style=\"vertical-align: inherit;\">\u00bfLa saliva excesiva durante el embarazo es motivo de preocupaci\u00f3n?<\/span><\/span><\/span><\/h2><p><span style=\"font-weight: 400; color: #000000;\"><span style=\"vertical-align: inherit;\"><span style=\"vertical-align: inherit;\">Sufrir de <span style=\"color: #000000;\">saliva excesiva durante el embarazo <\/span>no debe ser motivo de preocupaci\u00f3n, ya que no supone ning\u00fan riesgo para el beb\u00e9 ni para la madre. Hasta ahora, la hipersalivaci\u00f3n no se ha relacionado con complicaciones antes, durante o despu\u00e9s del parto. Adem\u00e1s, se ha demostrado que, en todos los casos de producci\u00f3n excesiva de saliva durante el embarazo, esta condici\u00f3n impide que el ni\u00f1o d\u00e9 a luz.<\/span><\/span><\/span><\/p><h2><span style=\"color: #000000;\"><span style=\"vertical-align: inherit;\"><span style=\"vertical-align: inherit;\">\u00bfEl ptialismo depende del sexo del beb\u00e9?<\/span><\/span><\/span><\/h2><p><span style=\"color: #000000;\"><span style=\"vertical-align: inherit;\"><span style=\"vertical-align: inherit;\">Este tema todav\u00eda genera mucha controversia. Aunque un <\/span><\/span><\/span><span style=\"color: #0000ff;\"><strong><a style=\"color: #0000ff;\" href=\"https:\/\/europepmc.org\/article\/med\/30221872\" target=\"_blank\" rel=\"noopener\"><span style=\"vertical-align: inherit;\"><span style=\"vertical-align: inherit;\">estudio<\/span><\/span><\/a> <\/strong><\/span><span style=\"color: #000000;\"><span style=\"vertical-align: inherit;\"><span style=\"vertical-align: inherit;\"> realizado en 2018, que incluy\u00f3 a 963 mujeres embarazadas, demostr\u00f3 que el sexo del beb\u00e9 no aumentaba el riesgo de sufrir ptialismo durante el embarazo, <\/span><\/span><strong><a href=\"https:\/\/www.sciencedirect.com\/science\/article\/abs\/pii\/S030121151500490X\" target=\"_blank\" rel=\"noopener\"><span style=\"color: #0000ff;\"><span style=\"vertical-align: inherit;\"><span style=\"vertical-align: inherit;\">otros an\u00e1lisis<\/span><\/span><\/span> <\/a><\/strong><span style=\"vertical-align: inherit;\"><span style=\"vertical-align: inherit;\"> han demostrado que esta condici\u00f3n es m\u00e1s frecuente cuando el beb\u00e9 es un ni\u00f1o. Sin embargo, no es algo que se haya demostrado con certeza.<\/span><\/span><\/span><\/p><h2><span style=\"color: #000000;\"><span style=\"vertical-align: inherit;\"><span style=\"vertical-align: inherit;\">Conclusi\u00f3n<\/span><\/span><\/span><\/h2><p><span style=\"font-weight: 400; color: #000000;\"><span style=\"vertical-align: inherit;\"><span style=\"vertical-align: inherit;\">Aunque el ptialismo o saliva excesiva durante el embarazo puede generar verg\u00fcenza es una condici\u00f3n inofensiva. No existen tratamientos 100% efectivos, pero s\u00ed algunas formas de reducir la producci\u00f3n de saliva.<\/span><\/span><\/span><\/p><p><span style=\"font-weight: 400; color: #000000;\"><span style=\"vertical-align: inherit;\"><span style=\"vertical-align: inherit;\">En la mayor\u00eda de los casos, la <span style=\"color: #000000;\">saliva excesiva durante el embarazo<\/span> desaparece durante el primer trimestre, pero cuando esto no sucede, es posible solicitar a un profesional especialista la adopci\u00f3n de un tratamiento que mejore la calidad de vida.<\/span><\/span><\/span><\/p>\t\t\t\t\t\t\t\t<\/div>\n\t\t\t\t<div class=\"elementor-element elementor-element-960b64f elementor-widget elementor-widget-heading\" data-id=\"960b64f\" data-element_type=\"widget\" data-e-type=\"widget\" data-widget_type=\"heading.default\">\n\t\t\t\t\t<h2 class=\"elementor-heading-title elementor-size-default\">Preguntas frecuentes<\/h2>\t\t\t\t<\/div>\n\t\t\t\t<div class=\"elementor-element elementor-element-db4f952 elementor-widget elementor-widget-n-accordion\" data-id=\"db4f952\" data-element_type=\"widget\" data-e-type=\"widget\" data-settings=\"{&quot;default_state&quot;:&quot;expanded&quot;,&quot;max_items_expended&quot;:&quot;one&quot;,&quot;n_accordion_animation_duration&quot;:{&quot;unit&quot;:&quot;ms&quot;,&quot;size&quot;:400,&quot;sizes&quot;:[]}}\" data-widget_type=\"nested-accordion.default\">\n\t\t\t\t\t\t\t<div class=\"e-n-accordion\" aria-label=\"Accordion. Open links with Enter or Space, close with Escape, and navigate with Arrow Keys\">\n\t\t\t\t\t\t<details id=\"e-n-accordion-item-2290\" class=\"e-n-accordion-item\" open>\n\t\t\t\t<summary class=\"e-n-accordion-item-title\" data-accordion-index=\"1\" tabindex=\"0\" aria-expanded=\"true\" aria-controls=\"e-n-accordion-item-2290\" >\n\t\t\t\t\t<span class='e-n-accordion-item-title-header'><h3 class=\"e-n-accordion-item-title-text\"> \u00bfQu\u00e9 causa el exceso de saliva durante el embarazo? <\/h3><\/span>\n\t\t\t\t\t\t\t<span class='e-n-accordion-item-title-icon'>\n\t\t\t<span class='e-opened' ><svg aria-hidden=\"true\" class=\"e-font-icon-svg e-fas-minus\" viewBox=\"0 0 448 512\" xmlns=\"http:\/\/www.w3.org\/2000\/svg\"><path d=\"M416 208H32c-17.67 0-32 14.33-32 32v32c0 17.67 14.33 32 32 32h384c17.67 0 32-14.33 32-32v-32c0-17.67-14.33-32-32-32z\"><\/path><\/svg><\/span>\n\t\t\t<span class='e-closed'><svg aria-hidden=\"true\" class=\"e-font-icon-svg e-fas-plus\" viewBox=\"0 0 448 512\" xmlns=\"http:\/\/www.w3.org\/2000\/svg\"><path d=\"M416 208H272V64c0-17.67-14.33-32-32-32h-32c-17.67 0-32 14.33-32 32v144H32c-17.67 0-32 14.33-32 32v32c0 17.67 14.33 32 32 32h144v144c0 17.67 14.33 32 32 32h32c17.67 0 32-14.33 32-32V304h144c17.67 0 32-14.33 32-32v-32c0-17.67-14.33-32-32-32z\"><\/path><\/svg><\/span>\n\t\t<\/span>\n\n\t\t\t\t\t\t<\/summary>\n\t\t\t\t<div role=\"region\" aria-labelledby=\"e-n-accordion-item-2290\" class=\"elementor-element elementor-element-0347000 e-con-full e-flex e-con e-child\" data-id=\"0347000\" data-element_type=\"container\" data-e-type=\"container\">\n\t\t\t\t<div class=\"elementor-element elementor-element-a07fd0f elementor-widget elementor-widget-text-editor\" data-id=\"a07fd0f\" data-element_type=\"widget\" data-e-type=\"widget\" data-widget_type=\"text-editor.default\">\n\t\t\t\t\t\t\t\t\t<p><span style=\"color: #000000;\">Cambios hormonales: durante el embarazo, los cambios hormonales pueden provocar una sobreproducci\u00f3n de saliva a medida que el cuerpo se adapta a los nuevos niveles hormonales. Protecci\u00f3n esof\u00e1gica: las mujeres embarazadas suelen experimentar un aumento de las n\u00e1useas y la acidez de est\u00f3mago, que pueden provocar v\u00f3mitos. Esto puede irritar el es\u00f3fago, lo que hace que el cuerpo produzca m\u00e1s saliva para protegerlo.<\/span><\/p>\t\t\t\t\t\t\t\t<\/div>\n\t\t\t\t<\/div>\n\t\t\t\t\t<\/details>\n\t\t\t\t\t\t<details id=\"e-n-accordion-item-2291\" class=\"e-n-accordion-item\" >\n\t\t\t\t<summary class=\"e-n-accordion-item-title\" data-accordion-index=\"2\" tabindex=\"-1\" aria-expanded=\"false\" aria-controls=\"e-n-accordion-item-2291\" >\n\t\t\t\t\t<span class='e-n-accordion-item-title-header'><h3 class=\"e-n-accordion-item-title-text\"> \u00bfC\u00f3mo reducir el exceso de saliva durante el embarazo? <\/h3><\/span>\n\t\t\t\t\t\t\t<span class='e-n-accordion-item-title-icon'>\n\t\t\t<span class='e-opened' ><svg aria-hidden=\"true\" class=\"e-font-icon-svg e-fas-minus\" viewBox=\"0 0 448 512\" xmlns=\"http:\/\/www.w3.org\/2000\/svg\"><path d=\"M416 208H32c-17.67 0-32 14.33-32 32v32c0 17.67 14.33 32 32 32h384c17.67 0 32-14.33 32-32v-32c0-17.67-14.33-32-32-32z\"><\/path><\/svg><\/span>\n\t\t\t<span class='e-closed'><svg aria-hidden=\"true\" class=\"e-font-icon-svg e-fas-plus\" viewBox=\"0 0 448 512\" xmlns=\"http:\/\/www.w3.org\/2000\/svg\"><path d=\"M416 208H272V64c0-17.67-14.33-32-32-32h-32c-17.67 0-32 14.33-32 32v144H32c-17.67 0-32 14.33-32 32v32c0 17.67 14.33 32 32 32h144v144c0 17.67 14.33 32 32 32h32c17.67 0 32-14.33 32-32V304h144c17.67 0 32-14.33 32-32v-32c0-17.67-14.33-32-32-32z\"><\/path><\/svg><\/span>\n\t\t<\/span>\n\n\t\t\t\t\t\t<\/summary>\n\t\t\t\t<div role=\"region\" aria-labelledby=\"e-n-accordion-item-2291\" class=\"elementor-element elementor-element-f88c74b e-con-full e-flex e-con e-child\" data-id=\"f88c74b\" data-element_type=\"container\" data-e-type=\"container\">\n\t\t\t\t<div class=\"elementor-element elementor-element-0c2f9aa elementor-widget elementor-widget-text-editor\" data-id=\"0c2f9aa\" data-element_type=\"widget\" data-e-type=\"widget\" data-widget_type=\"text-editor.default\">\n\t\t\t\t\t\t\t\t\t<p><span style=\"color: #000000;\">Para prevenir la hipersalivaci\u00f3n durante el embarazo, beba mucha agua o chupe una rodaja de lim\u00f3n o jengibre. En conclusi\u00f3n, el aumento de la salivaci\u00f3n durante el embarazo no suele ser motivo de preocupaci\u00f3n. Si el exceso de saliva le resulta inc\u00f3modo, consulte a su m\u00e9dico para que le aconseje c\u00f3mo controlarla y reducirla.<\/span><\/p>\t\t\t\t\t\t\t\t<\/div>\n\t\t\t\t<\/div>\n\t\t\t\t\t<\/details>\n\t\t\t\t\t\t<details id=\"e-n-accordion-item-2292\" class=\"e-n-accordion-item\" >\n\t\t\t\t<summary class=\"e-n-accordion-item-title\" data-accordion-index=\"3\" tabindex=\"-1\" aria-expanded=\"false\" aria-controls=\"e-n-accordion-item-2292\" >\n\t\t\t\t\t<span class='e-n-accordion-item-title-header'><h3 class=\"e-n-accordion-item-title-text\"> \u00bfCu\u00e1nto tiempo dura el exceso de saliva durante el embarazo? <\/h3><\/span>\n\t\t\t\t\t\t\t<span class='e-n-accordion-item-title-icon'>\n\t\t\t<span class='e-opened' ><svg aria-hidden=\"true\" class=\"e-font-icon-svg e-fas-minus\" viewBox=\"0 0 448 512\" xmlns=\"http:\/\/www.w3.org\/2000\/svg\"><path d=\"M416 208H32c-17.67 0-32 14.33-32 32v32c0 17.67 14.33 32 32 32h384c17.67 0 32-14.33 32-32v-32c0-17.67-14.33-32-32-32z\"><\/path><\/svg><\/span>\n\t\t\t<span class='e-closed'><svg aria-hidden=\"true\" class=\"e-font-icon-svg e-fas-plus\" viewBox=\"0 0 448 512\" xmlns=\"http:\/\/www.w3.org\/2000\/svg\"><path d=\"M416 208H272V64c0-17.67-14.33-32-32-32h-32c-17.67 0-32 14.33-32 32v144H32c-17.67 0-32 14.33-32 32v32c0 17.67 14.33 32 32 32h144v144c0 17.67 14.33 32 32 32h32c17.67 0 32-14.33 32-32V304h144c17.67 0 32-14.33 32-32v-32c0-17.67-14.33-32-32-32z\"><\/path><\/svg><\/span>\n\t\t<\/span>\n\n\t\t\t\t\t\t<\/summary>\n\t\t\t\t<div role=\"region\" aria-labelledby=\"e-n-accordion-item-2292\" class=\"elementor-element elementor-element-523e134 e-con-full e-flex e-con e-child\" data-id=\"523e134\" data-element_type=\"container\" data-e-type=\"container\">\n\t\t\t\t<div class=\"elementor-element elementor-element-d92e4f0 elementor-widget elementor-widget-text-editor\" data-id=\"d92e4f0\" data-element_type=\"widget\" data-e-type=\"widget\" data-widget_type=\"text-editor.default\">\n\t\t\t\t\t\t\t\t\t<p><span style=\"color: #000000;\">La producci\u00f3n excesiva de saliva suele estar relacionada con n\u00e1useas y v\u00f3mitos (emesis o hiperemesis) durante el primer trimestre. En raras ocasiones, este aumento de la salivaci\u00f3n no disminuye despu\u00e9s del primer trimestre y puede persistir o incluso aumentar hasta el parto.<\/span><\/p>\t\t\t\t\t\t\t\t<\/div>\n\t\t\t\t<\/div>\n\t\t\t\t\t<\/details>\n\t\t\t\t\t\t<details id=\"e-n-accordion-item-2293\" class=\"e-n-accordion-item\" >\n\t\t\t\t<summary class=\"e-n-accordion-item-title\" data-accordion-index=\"4\" tabindex=\"-1\" aria-expanded=\"false\" aria-controls=\"e-n-accordion-item-2293\" >\n\t\t\t\t\t<span class='e-n-accordion-item-title-header'><h3 class=\"e-n-accordion-item-title-text\"> \u00bfEn qu\u00e9 semana comienza el exceso de saliva durante el embarazo? <\/h3><\/span>\n\t\t\t\t\t\t\t<span class='e-n-accordion-item-title-icon'>\n\t\t\t<span class='e-opened' ><svg aria-hidden=\"true\" class=\"e-font-icon-svg e-fas-minus\" viewBox=\"0 0 448 512\" xmlns=\"http:\/\/www.w3.org\/2000\/svg\"><path d=\"M416 208H32c-17.67 0-32 14.33-32 32v32c0 17.67 14.33 32 32 32h384c17.67 0 32-14.33 32-32v-32c0-17.67-14.33-32-32-32z\"><\/path><\/svg><\/span>\n\t\t\t<span class='e-closed'><svg aria-hidden=\"true\" class=\"e-font-icon-svg e-fas-plus\" viewBox=\"0 0 448 512\" xmlns=\"http:\/\/www.w3.org\/2000\/svg\"><path d=\"M416 208H272V64c0-17.67-14.33-32-32-32h-32c-17.67 0-32 14.33-32 32v144H32c-17.67 0-32 14.33-32 32v32c0 17.67 14.33 32 32 32h144v144c0 17.67 14.33 32 32 32h32c17.67 0 32-14.33 32-32V304h144c17.67 0 32-14.33 32-32v-32c0-17.67-14.33-32-32-32z\"><\/path><\/svg><\/span>\n\t\t<\/span>\n\n\t\t\t\t\t\t<\/summary>\n\t\t\t\t<div role=\"region\" aria-labelledby=\"e-n-accordion-item-2293\" class=\"elementor-element elementor-element-5ec581a e-flex e-con-boxed e-con e-child\" data-id=\"5ec581a\" data-element_type=\"container\" data-e-type=\"container\">\n\t\t\t\t\t<div class=\"e-con-inner\">\n\t\t\t\t<div class=\"elementor-element elementor-element-1ae0dd3 elementor-widget elementor-widget-text-editor\" data-id=\"1ae0dd3\" data-element_type=\"widget\" data-e-type=\"widget\" data-widget_type=\"text-editor.default\">\n\t\t\t\t\t\t\t\t\t<p><span style=\"color: #000000;\">Es normal experimentar un aumento de la salivaci\u00f3n durante el embarazo. Esta salivaci\u00f3n excesiva puede comenzar repentinamente, alrededor de dos o tres semanas despu\u00e9s de la concepci\u00f3n. Se cree que las hormonas del embarazo alteran la funci\u00f3n de las gl\u00e1ndulas salivales, provocando que los nervios que controlan la salivaci\u00f3n se estimulen m\u00e1s de lo habitual.<\/span><\/p>\t\t\t\t\t\t\t\t<\/div>\n\t\t\t\t\t<\/div>\n\t\t\t\t<\/div>\n\t\t\t\t\t<\/details>\n\t\t\t\t\t\t<details id=\"e-n-accordion-item-2294\" class=\"e-n-accordion-item\" >\n\t\t\t\t<summary class=\"e-n-accordion-item-title\" data-accordion-index=\"5\" tabindex=\"-1\" aria-expanded=\"false\" aria-controls=\"e-n-accordion-item-2294\" >\n\t\t\t\t\t<span class='e-n-accordion-item-title-header'><h3 class=\"e-n-accordion-item-title-text\"> \u00bfC\u00f3mo reducir el exceso de saliva durante el embarazo? <\/h3><\/span>\n\t\t\t\t\t\t\t<span class='e-n-accordion-item-title-icon'>\n\t\t\t<span class='e-opened' ><svg aria-hidden=\"true\" class=\"e-font-icon-svg e-fas-minus\" viewBox=\"0 0 448 512\" xmlns=\"http:\/\/www.w3.org\/2000\/svg\"><path d=\"M416 208H32c-17.67 0-32 14.33-32 32v32c0 17.67 14.33 32 32 32h384c17.67 0 32-14.33 32-32v-32c0-17.67-14.33-32-32-32z\"><\/path><\/svg><\/span>\n\t\t\t<span class='e-closed'><svg aria-hidden=\"true\" class=\"e-font-icon-svg e-fas-plus\" viewBox=\"0 0 448 512\" xmlns=\"http:\/\/www.w3.org\/2000\/svg\"><path d=\"M416 208H272V64c0-17.67-14.33-32-32-32h-32c-17.67 0-32 14.33-32 32v144H32c-17.67 0-32 14.33-32 32v32c0 17.67 14.33 32 32 32h144v144c0 17.67 14.33 32 32 32h32c17.67 0 32-14.33 32-32V304h144c17.67 0 32-14.33 32-32v-32c0-17.67-14.33-32-32-32z\"><\/path><\/svg><\/span>\n\t\t<\/span>\n\n\t\t\t\t\t\t<\/summary>\n\t\t\t\t<div role=\"region\" aria-labelledby=\"e-n-accordion-item-2294\" class=\"elementor-element elementor-element-c3bebb8 e-flex e-con-boxed e-con e-child\" data-id=\"c3bebb8\" data-element_type=\"container\" data-e-type=\"container\">\n\t\t\t\t\t<div class=\"e-con-inner\">\n\t\t\t\t<div class=\"elementor-element elementor-element-94ec3ef elementor-widget elementor-widget-text-editor\" data-id=\"94ec3ef\" data-element_type=\"widget\" data-e-type=\"widget\" data-widget_type=\"text-editor.default\">\n\t\t\t\t\t\t\t\t\t<p><span style=\"color: #000000;\">Para ayudar a controlar la hipersalivaci\u00f3n durante el embarazo, beba mucha agua y considere chupar una rodaja de lim\u00f3n o jengibre. Generalmente, el aumento de la salivaci\u00f3n durante el embarazo no es algo de qu\u00e9 preocuparse. Sin embargo, si el exceso de saliva se vuelve molesto, consulte a su m\u00e9dico para conocer estrategias para reducirlo.<\/span><\/p>\t\t\t\t\t\t\t\t<\/div>\n\t\t\t\t\t<\/div>\n\t\t\t\t<\/div>\n\t\t\t\t\t<\/details>\n\t\t\t\t\t<\/div>\n\t\t\t\t\t<script type=\"application\/ld+json\">{\"@context\":\"https:\\\/\\\/schema.org\",\"@type\":\"FAQPage\",\"mainEntity\":[{\"@type\":\"Question\",\"name\":\"\\u00bfQu\\u00e9 causa el exceso de saliva durante el embarazo?\",\"acceptedAnswer\":{\"@type\":\"Answer\",\"text\":\"Cambios hormonales: durante el embarazo, los cambios hormonales pueden provocar una sobreproducci\\u00f3n de saliva a medida que el cuerpo se adapta a los nuevos niveles hormonales. Protecci\\u00f3n esof\\u00e1gica: las mujeres embarazadas suelen experimentar un aumento de las n\\u00e1useas y la acidez de est\\u00f3mago, que pueden provocar v\\u00f3mitos. Esto puede irritar el es\\u00f3fago, lo que hace que el cuerpo produzca m\\u00e1s saliva para protegerlo.\"}},{\"@type\":\"Question\",\"name\":\"\\u00bfC\\u00f3mo reducir el exceso de saliva durante el embarazo?\",\"acceptedAnswer\":{\"@type\":\"Answer\",\"text\":\"Para ayudar a controlar la hipersalivaci\\u00f3n durante el embarazo, beba mucha agua y considere chupar una rodaja de lim\\u00f3n o jengibre. Generalmente, el aumento de la salivaci\\u00f3n durante el embarazo no es algo de qu\\u00e9 preocuparse. Sin embargo, si el exceso de saliva se vuelve molesto, consulte a su m\\u00e9dico para conocer estrategias para reducirlo.\"}},{\"@type\":\"Question\",\"name\":\"\\u00bfCu\\u00e1nto tiempo dura el exceso de saliva durante el embarazo?\",\"acceptedAnswer\":{\"@type\":\"Answer\",\"text\":\"La producci\\u00f3n excesiva de saliva suele estar relacionada con n\\u00e1useas y v\\u00f3mitos (emesis o hiperemesis) durante el primer trimestre. En raras ocasiones, este aumento de la salivaci\\u00f3n no disminuye despu\\u00e9s del primer trimestre y puede persistir o incluso aumentar hasta el parto.\"}},{\"@type\":\"Question\",\"name\":\"\\u00bfEn qu\\u00e9 semana comienza el exceso de saliva durante el embarazo?\",\"acceptedAnswer\":{\"@type\":\"Answer\",\"text\":\"Es normal experimentar un aumento de la salivaci\\u00f3n durante el embarazo. Esta salivaci\\u00f3n excesiva puede comenzar repentinamente, alrededor de dos o tres semanas despu\\u00e9s de la concepci\\u00f3n. Se cree que las hormonas del embarazo alteran la funci\\u00f3n de las gl\\u00e1ndulas salivales, provocando que los nervios que controlan la salivaci\\u00f3n se estimulen m\\u00e1s de lo habitual.\"}}]}<\/script>\n\t\t\t\t\t\t\t<\/div>\n\t\t\t\t<div class=\"elementor-element elementor-element-3fc04b5 elementor-widget elementor-widget-spacer\" data-id=\"3fc04b5\" data-element_type=\"widget\" data-e-type=\"widget\" data-widget_type=\"spacer.default\">\n\t\t\t\t\t\t\t<div class=\"elementor-spacer\">\n\t\t\t<div class=\"elementor-spacer-inner\"><\/div>\n\t\t<\/div>\n\t\t\t\t\t\t<\/div>\n\t\t\t\t<div class=\"elementor-element elementor-element-f3cf484 elementor-widget elementor-widget-spacer\" data-id=\"f3cf484\" data-element_type=\"widget\" data-e-type=\"widget\" data-widget_type=\"spacer.default\">\n\t\t\t\t\t\t\t<div class=\"elementor-spacer\">\n\t\t\t<div class=\"elementor-spacer-inner\"><\/div>\n\t\t<\/div>\n\t\t\t\t\t\t<\/div>\n\t\t\t\t<section class=\"elementor-section elementor-inner-section elementor-element elementor-element-1966d0e0 elementor-section-boxed elementor-section-height-default elementor-section-height-default\" data-id=\"1966d0e0\" data-element_type=\"section\" data-e-type=\"section\">\n\t\t\t\t\t\t<div class=\"elementor-container elementor-column-gap-default\">\n\t\t\t\t\t<div class=\"elementor-column elementor-col-50 elementor-inner-column elementor-element elementor-element-184b8b4b\" data-id=\"184b8b4b\" data-element_type=\"column\" data-e-type=\"column\">\n\t\t\t<div class=\"elementor-widget-wrap elementor-element-populated\">\n\t\t\t\t\t\t<div class=\"elementor-element elementor-element-17febcd1 elementor-widget elementor-widget-text-editor\" data-id=\"17febcd1\" data-element_type=\"widget\" data-e-type=\"widget\" data-widget_type=\"text-editor.default\">\n\t\t\t\t\t\t\t\t\t<p><strong><span style=\"color: #000000;\">Share:<\/span><\/strong><\/p>\t\t\t\t\t\t\t\t<\/div>\n\t\t\t\t\t<\/div>\n\t\t<\/div>\n\t\t\t\t<div class=\"elementor-column elementor-col-50 elementor-inner-column elementor-element elementor-element-7967b879\" data-id=\"7967b879\" data-element_type=\"column\" data-e-type=\"column\">\n\t\t\t<div class=\"elementor-widget-wrap elementor-element-populated\">\n\t\t\t\t\t\t<div class=\"elementor-element elementor-element-74129e53 elementor-share-buttons--view-icon elementor-share-buttons--skin-flat elementor-share-buttons--shape-circle elementor-grid-0 elementor-share-buttons--color-official elementor-widget elementor-widget-share-buttons\" data-id=\"74129e53\" data-element_type=\"widget\" data-e-type=\"widget\" data-widget_type=\"share-buttons.default\">\n\t\t\t\t\t\t\t<div class=\"elementor-grid\" role=\"list\">\n\t\t\t\t\t\t\t\t<div class=\"elementor-grid-item\" role=\"listitem\">\n\t\t\t\t\t\t<div class=\"elementor-share-btn elementor-share-btn_facebook\" role=\"button\" tabindex=\"0\" aria-label=\"Compartir en facebook\">\n\t\t\t\t\t\t\t\t\t\t\t\t\t\t\t<span class=\"elementor-share-btn__icon\">\n\t\t\t\t\t\t\t\t<svg aria-hidden=\"true\" class=\"e-font-icon-svg e-fab-facebook\" viewBox=\"0 0 512 512\" xmlns=\"http:\/\/www.w3.org\/2000\/svg\"><path d=\"M504 256C504 119 393 8 256 8S8 119 8 256c0 123.78 90.69 226.38 209.25 245V327.69h-63V256h63v-54.64c0-62.15 37-96.48 93.67-96.48 27.14 0 55.52 4.84 55.52 4.84v61h-31.28c-30.8 0-40.41 19.12-40.41 38.73V256h68.78l-11 71.69h-57.78V501C413.31 482.38 504 379.78 504 256z\"><\/path><\/svg>\t\t\t\t\t\t\t<\/span>\n\t\t\t\t\t\t\t\t\t\t\t\t\t\t\t\t\t\t\t\t<\/div>\n\t\t\t\t\t<\/div>\n\t\t\t\t\t\t\t\t\t<div class=\"elementor-grid-item\" role=\"listitem\">\n\t\t\t\t\t\t<div class=\"elementor-share-btn elementor-share-btn_twitter\" role=\"button\" tabindex=\"0\" aria-label=\"Compartir en twitter\">\n\t\t\t\t\t\t\t\t\t\t\t\t\t\t\t<span class=\"elementor-share-btn__icon\">\n\t\t\t\t\t\t\t\t<svg aria-hidden=\"true\" class=\"e-font-icon-svg e-fab-twitter\" viewBox=\"0 0 512 512\" xmlns=\"http:\/\/www.w3.org\/2000\/svg\"><path d=\"M459.37 151.716c.325 4.548.325 9.097.325 13.645 0 138.72-105.583 298.558-298.558 298.558-59.452 0-114.68-17.219-161.137-47.106 8.447.974 16.568 1.299 25.34 1.299 49.055 0 94.213-16.568 130.274-44.832-46.132-.975-84.792-31.188-98.112-72.772 6.498.974 12.995 1.624 19.818 1.624 9.421 0 18.843-1.3 27.614-3.573-48.081-9.747-84.143-51.98-84.143-102.985v-1.299c13.969 7.797 30.214 12.67 47.431 13.319-28.264-18.843-46.781-51.005-46.781-87.391 0-19.492 5.197-37.36 14.294-52.954 51.655 63.675 129.3 105.258 216.365 109.807-1.624-7.797-2.599-15.918-2.599-24.04 0-57.828 46.782-104.934 104.934-104.934 30.213 0 57.502 12.67 76.67 33.137 23.715-4.548 46.456-13.32 66.599-25.34-7.798 24.366-24.366 44.833-46.132 57.827 21.117-2.273 41.584-8.122 60.426-16.243-14.292 20.791-32.161 39.308-52.628 54.253z\"><\/path><\/svg>\t\t\t\t\t\t\t<\/span>\n\t\t\t\t\t\t\t\t\t\t\t\t\t\t\t\t\t\t\t\t<\/div>\n\t\t\t\t\t<\/div>\n\t\t\t\t\t\t\t\t\t<div class=\"elementor-grid-item\" role=\"listitem\">\n\t\t\t\t\t\t<div class=\"elementor-share-btn elementor-share-btn_linkedin\" role=\"button\" tabindex=\"0\" aria-label=\"Compartir en linkedin\">\n\t\t\t\t\t\t\t\t\t\t\t\t\t\t\t<span class=\"elementor-share-btn__icon\">\n\t\t\t\t\t\t\t\t<svg aria-hidden=\"true\" class=\"e-font-icon-svg e-fab-linkedin\" viewBox=\"0 0 448 512\" xmlns=\"http:\/\/www.w3.org\/2000\/svg\"><path d=\"M416 32H31.9C14.3 32 0 46.5 0 64.3v383.4C0 465.5 14.3 480 31.9 480H416c17.6 0 32-14.5 32-32.3V64.3c0-17.8-14.4-32.3-32-32.3zM135.4 416H69V202.2h66.5V416zm-33.2-243c-21.3 0-38.5-17.3-38.5-38.5S80.9 96 102.2 96c21.2 0 38.5 17.3 38.5 38.5 0 21.3-17.2 38.5-38.5 38.5zm282.1 243h-66.4V312c0-24.8-.5-56.7-34.5-56.7-34.6 0-39.9 27-39.9 54.9V416h-66.4V202.2h63.7v29.2h.9c8.9-16.8 30.6-34.5 62.9-34.5 67.2 0 79.7 44.3 79.7 101.9V416z\"><\/path><\/svg>\t\t\t\t\t\t\t<\/span>\n\t\t\t\t\t\t\t\t\t\t\t\t\t\t\t\t\t\t\t\t<\/div>\n\t\t\t\t\t<\/div>\n\t\t\t\t\t\t\t\t\t<div class=\"elementor-grid-item\" role=\"listitem\">\n\t\t\t\t\t\t<div class=\"elementor-share-btn elementor-share-btn_email\" role=\"button\" tabindex=\"0\" aria-label=\"Compartir en email\">\n\t\t\t\t\t\t\t\t\t\t\t\t\t\t\t<span class=\"elementor-share-btn__icon\">\n\t\t\t\t\t\t\t\t<svg aria-hidden=\"true\" class=\"e-font-icon-svg e-fas-envelope\" viewBox=\"0 0 512 512\" xmlns=\"http:\/\/www.w3.org\/2000\/svg\"><path d=\"M502.3 190.8c3.9-3.1 9.7-.2 9.7 4.7V400c0 26.5-21.5 48-48 48H48c-26.5 0-48-21.5-48-48V195.6c0-5 5.7-7.8 9.7-4.7 22.4 17.4 52.1 39.5 154.1 113.6 21.1 15.4 56.7 47.8 92.2 47.6 35.7.3 72-32.8 92.3-47.6 102-74.1 131.6-96.3 154-113.7zM256 320c23.2.4 56.6-29.2 73.4-41.4 132.7-96.3 142.8-104.7 173.4-128.7 5.8-4.5 9.2-11.5 9.2-18.9v-19c0-26.5-21.5-48-48-48H48C21.5 64 0 85.5 0 112v19c0 7.4 3.4 14.3 9.2 18.9 30.6 23.9 40.7 32.4 173.4 128.7 16.8 12.2 50.2 41.8 73.4 41.4z\"><\/path><\/svg>\t\t\t\t\t\t\t<\/span>\n\t\t\t\t\t\t\t\t\t\t\t\t\t\t\t\t\t\t\t\t<\/div>\n\t\t\t\t\t<\/div>\n\t\t\t\t\t\t\t\t\t<div class=\"elementor-grid-item\" role=\"listitem\">\n\t\t\t\t\t\t<div class=\"elementor-share-btn elementor-share-btn_print\" role=\"button\" tabindex=\"0\" aria-label=\"Compartir en print\">\n\t\t\t\t\t\t\t\t\t\t\t\t\t\t\t<span class=\"elementor-share-btn__icon\">\n\t\t\t\t\t\t\t\t<svg aria-hidden=\"true\" class=\"e-font-icon-svg e-fas-print\" viewBox=\"0 0 512 512\" xmlns=\"http:\/\/www.w3.org\/2000\/svg\"><path d=\"M448 192V77.25c0-8.49-3.37-16.62-9.37-22.63L393.37 9.37c-6-6-14.14-9.37-22.63-9.37H96C78.33 0 64 14.33 64 32v160c-35.35 0-64 28.65-64 64v112c0 8.84 7.16 16 16 16h48v96c0 17.67 14.33 32 32 32h320c17.67 0 32-14.33 32-32v-96h48c8.84 0 16-7.16 16-16V256c0-35.35-28.65-64-64-64zm-64 256H128v-96h256v96zm0-224H128V64h192v48c0 8.84 7.16 16 16 16h48v96zm48 72c-13.25 0-24-10.75-24-24 0-13.26 10.75-24 24-24s24 10.74 24 24c0 13.25-10.75 24-24 24z\"><\/path><\/svg>\t\t\t\t\t\t\t<\/span>\n\t\t\t\t\t\t\t\t\t\t\t\t\t\t\t\t\t\t\t\t<\/div>\n\t\t\t\t\t<\/div>\n\t\t\t\t\t\t<\/div>\n\t\t\t\t\t\t<\/div>\n\t\t\t\t\t<\/div>\n\t\t<\/div>\n\t\t\t\t\t<\/div>\n\t\t<\/section>\n\t\t\t\t<div class=\"elementor-element elementor-element-17a74af elementor-widget elementor-widget-spacer\" data-id=\"17a74af\" data-element_type=\"widget\" data-e-type=\"widget\" data-widget_type=\"spacer.default\">\n\t\t\t\t\t\t\t<div class=\"elementor-spacer\">\n\t\t\t<div class=\"elementor-spacer-inner\"><\/div>\n\t\t<\/div>\n\t\t\t\t\t\t<\/div>\n\t\t\t\t<div class=\"elementor-element elementor-element-e3f9d33 elementor-widget elementor-widget-spacer\" data-id=\"e3f9d33\" data-element_type=\"widget\" data-e-type=\"widget\" data-widget_type=\"spacer.default\">\n\t\t\t\t\t\t\t<div class=\"elementor-spacer\">\n\t\t\t<div class=\"elementor-spacer-inner\"><\/div>\n\t\t<\/div>\n\t\t\t\t\t\t<\/div>\n\t\t\t\t<div class=\"elementor-element elementor-element-e86f2d7 elementor-widget elementor-widget-text-editor\" data-id=\"e86f2d7\" data-element_type=\"widget\" data-e-type=\"widget\" data-widget_type=\"text-editor.default\">\n\t\t\t\t\t\t\t\t\t<h2 style=\"text-align: left;\"><span style=\"color: #000000;\">Referencias<\/span><\/h2><p><span style=\"color: #000000;\">1. Millard, E. (Nov 24, 2021). Excess saliva during pregnancy. BabyCenter.<strong> <span style=\"color: #0000ff;\"><a style=\"color: #0000ff;\" href=\"https:\/\/www.babycenter.com\/pregnancy\/your-body\/excessive-saliva-during-pregnancy_9454\" target=\"_blank\" rel=\"noopener\">https:\/\/www.babycenter.com\/pregnancy\/your-body\/excessive-saliva-during-pregnancy_9454<\/a><\/span><\/strong><\/span><\/p><p><span style=\"color: #000000;\">2. NCT. (Jul 11, 2019). Excessive saliva in pregnancy | Pregnancy, Worries and discomforts articles &amp; support | NCT. NCT (National Childbirth Trust). <strong><span style=\"color: #0000ff;\"><a style=\"color: #0000ff;\" href=\"https:\/\/www.nct.org.uk\/pregnancy\/worries-and-discomforts\/common-discomforts\/excessive-saliva-pregnancy\" target=\"_blank\" rel=\"noopener\">https:\/\/www.nct.org.uk\/pregnancy\/worries-and-discomforts\/common-discomforts\/excessive-saliva-pregnancy<\/a><\/span><\/strong><\/span><\/p><p><span style=\"color: #000000;\">3. Thaxter Nesbeth, K. A., Samuels, L. A., Nicholson Daley, C., Gossell-Williams, M. &amp; Nesbeth, D. A. (Mar 1, 2016). Ptyalism in pregnancy \u2013 a review of epidemiology and practices. European Journal of Obstetrics &amp; Gynecology and Reproductive Biology, 198, 47-49. <strong><span style=\"color: #0000ff;\"><a style=\"color: #0000ff;\" href=\"https:\/\/doi.org\/10.1016\/j.ejogrb.2015.12.022\" target=\"_blank\" rel=\"noopener\">https:\/\/doi.org\/10.1016\/j.ejogrb.2015.12.022<\/a><\/span><\/strong><\/span><\/p><p><span style=\"color: #000000;\">4. Suzuki, S., Igarashi, M., Yamashita, E., &amp; Satomi, M. (Nov 1, 2009). Ptyalism gravidarum. North American journal of medical sciences, 1(6), 303\u2013304.<\/span><\/p><p><span style=\"color: #000000;\">5. Bronshtein, M., Gover, A., Beloosesky, R., Dabaja, H., Ginsberg, Y., Weiner, Z. &amp; Khatib, N. (Sep 1, 2018). Characteristics and Outcomes of Ptyalism Gravidarum. Israel Medical Association Journal, 20(9), 573-575.<\/span><\/p><p><span style=\"color: #000000;\">6. De Braga, V., Dahdouh, E. M. &amp; Balayla, J. (Abr 9, 2022). Successful treatment of ptyalism gravidarum with clonidine hydrochloride: A case report. Case Reports in Women\u2019s Health, 34, e00409. <strong><span style=\"color: #0000ff;\"><a style=\"color: #0000ff;\" href=\"https:\/\/doi.org\/10.1016\/j.crwh.2022.e00409\" target=\"_blank\" rel=\"noopener\">https:\/\/doi.org\/10.1016\/j.crwh.2022.e00409<\/a><\/span><\/strong><\/span><\/p>\t\t\t\t\t\t\t\t<\/div>\n\t\t\t\t\t<\/div>\n\t\t<\/div>\n\t\t\t\t\t<\/div>\n\t\t<\/section>\n\t\t\t\t<\/div>\n\t\t","protected":false},"excerpt":{"rendered":"<p>\u00bfTe preocupa saliva excesiva durante el embarazo? La saliva es un l\u00edquido acuoso que es secretado por gl\u00e1ndulas presentes en [&hellip;]<\/p>\n","protected":false},"author":19,"featured_media":20018,"comment_status":"closed","ping_status":"closed","sticky":false,"template":"elementor_theme","format":"standard","meta":{"site-sidebar-layout":"default","site-content-layout":"","ast-site-content-layout":"default","site-content-style":"default","site-sidebar-style":"default","ast-global-header-display":"","ast-banner-title-visibility":"","ast-main-header-display":"","ast-hfb-above-header-display":"","ast-hfb-below-header-display":"","ast-hfb-mobile-header-display":"","site-post-title":"","ast-breadcrumbs-content":"","ast-featured-img":"","footer-sml-layout":"","ast-disable-related-posts":"","theme-transparent-header-meta":"default","adv-header-id-meta":"","stick-header-meta":"","header-above-stick-meta":"","header-main-stick-meta":"","header-below-stick-meta":"","astra-migrate-meta-layouts":"set","ast-page-background-enabled":"default","ast-page-background-meta":{"desktop":{"background-color":"var(--ast-global-color-4)","background-image":"","background-repeat":"repeat","background-position":"center center","background-size":"auto","background-attachment":"scroll","background-type":"","background-media":"","overlay-type":"","overlay-color":"","overlay-opacity":"","overlay-gradient":""},"tablet":{"background-color":"","background-image":"","background-repeat":"repeat","background-position":"center center","background-size":"auto","background-attachment":"scroll","background-type":"","background-media":"","overlay-type":"","overlay-color":"","overlay-opacity":"","overlay-gradient":""},"mobile":{"background-color":"","background-image":"","background-repeat":"repeat","background-position":"center center","background-size":"auto","background-attachment":"scroll","background-type":"","background-media":"","overlay-type":"","overlay-color":"","overlay-opacity":"","overlay-gradient":""}},"ast-content-background-meta":{"desktop":{"background-color":"var(--ast-global-color-5)","background-image":"","background-repeat":"repeat","background-position":"center center","background-size":"auto","background-attachment":"scroll","background-type":"","background-media":"","overlay-type":"","overlay-color":"","overlay-opacity":"","overlay-gradient":""},"tablet":{"background-color":"var(--ast-global-color-5)","background-image":"","background-repeat":"repeat","background-position":"center center","background-size":"auto","background-attachment":"scroll","background-type":"","background-media":"","overlay-type":"","overlay-color":"","overlay-opacity":"","overlay-gradient":""},"mobile":{"background-color":"var(--ast-global-color-5)","background-image":"","background-repeat":"repeat","background-position":"center center","background-size":"auto","background-attachment":"scroll","background-type":"","background-media":"","overlay-type":"","overlay-color":"","overlay-opacity":"","overlay-gradient":""}},"footnotes":""},"categories":[757,754],"tags":[],"ppma_author":[8383],"class_list":["post-20017","post","type-post","status-publish","format-standard","has-post-thumbnail","hentry","category-diferentes-enfermedades-dentales","category-enfermedades-dentales","author-gustavo"],"authors":[{"term_id":8383,"user_id":0,"is_guest":1,"slug":"gustavo","display_name":"Gustavo Assatourians","avatar_url":{"url":"https:\/\/worldofdentistry.org\/wp-content\/uploads\/2025\/01\/dr-gustavo.png","url2x":"https:\/\/worldofdentistry.org\/wp-content\/uploads\/2025\/01\/dr-gustavo.png"},"first_name":"Gustavo","last_name":"Assatourians","user_url":"","job_title":"","linkedin":"","description":""}],"_links":{"self":[{"href":"https:\/\/worldofdentistry.org\/es\/wp-json\/wp\/v2\/posts\/20017","targetHints":{"allow":["GET"]}}],"collection":[{"href":"https:\/\/worldofdentistry.org\/es\/wp-json\/wp\/v2\/posts"}],"about":[{"href":"https:\/\/worldofdentistry.org\/es\/wp-json\/wp\/v2\/types\/post"}],"author":[{"embeddable":true,"href":"https:\/\/worldofdentistry.org\/es\/wp-json\/wp\/v2\/users\/19"}],"replies":[{"embeddable":true,"href":"https:\/\/worldofdentistry.org\/es\/wp-json\/wp\/v2\/comments?post=20017"}],"version-history":[{"count":0,"href":"https:\/\/worldofdentistry.org\/es\/wp-json\/wp\/v2\/posts\/20017\/revisions"}],"wp:featuredmedia":[{"embeddable":true,"href":"https:\/\/worldofdentistry.org\/es\/wp-json\/wp\/v2\/media\/20018"}],"wp:attachment":[{"href":"https:\/\/worldofdentistry.org\/es\/wp-json\/wp\/v2\/media?parent=20017"}],"wp:term":[{"taxonomy":"category","embeddable":true,"href":"https:\/\/worldofdentistry.org\/es\/wp-json\/wp\/v2\/categories?post=20017"},{"taxonomy":"post_tag","embeddable":true,"href":"https:\/\/worldofdentistry.org\/es\/wp-json\/wp\/v2\/tags?post=20017"},{"taxonomy":"author","embeddable":true,"href":"https:\/\/worldofdentistry.org\/es\/wp-json\/wp\/v2\/ppma_author?post=20017"}],"curies":[{"name":"wp","href":"https:\/\/api.w.org\/{rel}","templated":true}]}}