{"id":18971,"date":"2023-06-08T03:46:52","date_gmt":"2023-06-08T10:46:52","guid":{"rendered":"https:\/\/worldofdentistry.org\/?p=18971"},"modified":"2025-09-19T12:54:45","modified_gmt":"2025-09-19T19:54:45","slug":"comezon-en-las-encias-causas-comunes","status":"publish","type":"post","link":"https:\/\/worldofdentistry.org\/es\/comezon-en-las-encias-causas-comunes\/","title":{"rendered":"Comez\u00f3n en las enc\u00edas: 6 causas comunes"},"content":{"rendered":"\t\t<div data-elementor-type=\"wp-post\" data-elementor-id=\"18971\" class=\"elementor elementor-18971 elementor-16422\" data-elementor-post-type=\"post\">\n\t\t\t\t\t\t<section class=\"elementor-section elementor-top-section elementor-element elementor-element-7cc850a elementor-section-boxed elementor-section-height-default elementor-section-height-default\" data-id=\"7cc850a\" data-element_type=\"section\" data-e-type=\"section\">\n\t\t\t\t\t\t<div class=\"elementor-container elementor-column-gap-default\">\n\t\t\t\t\t<div class=\"elementor-column elementor-col-100 elementor-top-column elementor-element elementor-element-2e4570f\" data-id=\"2e4570f\" data-element_type=\"column\" data-e-type=\"column\">\n\t\t\t<div class=\"elementor-widget-wrap elementor-element-populated\">\n\t\t\t\t\t\t<div class=\"elementor-element elementor-element-7d90804 elementor-widget elementor-widget-spacer\" data-id=\"7d90804\" data-element_type=\"widget\" data-e-type=\"widget\" data-widget_type=\"spacer.default\">\n\t\t\t\t\t\t\t<div class=\"elementor-spacer\">\n\t\t\t<div class=\"elementor-spacer-inner\"><\/div>\n\t\t<\/div>\n\t\t\t\t\t\t<\/div>\n\t\t\t\t<div class=\"elementor-element elementor-element-8e36ae7 elementor-widget elementor-widget-spacer\" data-id=\"8e36ae7\" data-element_type=\"widget\" data-e-type=\"widget\" data-widget_type=\"spacer.default\">\n\t\t\t\t\t\t\t<div class=\"elementor-spacer\">\n\t\t\t<div class=\"elementor-spacer-inner\"><\/div>\n\t\t<\/div>\n\t\t\t\t\t\t<\/div>\n\t\t\t\t\t<\/div>\n\t\t<\/div>\n\t\t\t\t\t<\/div>\n\t\t<\/section>\n\t\t\t\t<section class=\"elementor-section elementor-top-section elementor-element elementor-element-c265874 elementor-section-boxed elementor-section-height-default elementor-section-height-default\" data-id=\"c265874\" data-element_type=\"section\" data-e-type=\"section\">\n\t\t\t\t\t\t<div class=\"elementor-container elementor-column-gap-default\">\n\t\t\t\t\t<div class=\"elementor-column elementor-col-100 elementor-top-column elementor-element elementor-element-0dab5cc\" data-id=\"0dab5cc\" data-element_type=\"column\" data-e-type=\"column\">\n\t\t\t<div class=\"elementor-widget-wrap elementor-element-populated\">\n\t\t\t\t\t\t<div class=\"elementor-element elementor-element-1eeb373 elementor-widget elementor-widget-text-editor\" data-id=\"1eeb373\" data-element_type=\"widget\" data-e-type=\"widget\" data-widget_type=\"text-editor.default\">\n\t\t\t\t\t\t\t\t\t<h2><span style=\"color: #000000;\">Causas de la comez\u00f3n en las enc\u00edas: Desencadenantes comunes y consejos de prevenci\u00f3n<\/span><\/h2><p>\u00a0<\/p><p><span style=\"font-weight: 400; color: #000000;\">La salud dental suele relacionarse con tener los dientes limpios, blancos y brillantes, pero tener unas enc\u00edas saludables tambi\u00e9n es importante. Las enc\u00edas recubren los tejidos que soportan el diente y protegen las ra\u00edces dentales de est\u00edmulos externos. <\/span><\/p><p><span style=\"font-weight: 400; color: #000000;\">Sentir comez\u00f3n en las enc\u00edas puede resultar inc\u00f3modo, y en algunos casos, dificultar el habla y la alimentaci\u00f3n. En esta publicaci\u00f3n, exploraremos las principales causas de la comez\u00f3n en las enc\u00edas y brindaremos algunos consejos sobre c\u00f3mo prevenir esta molesta condici\u00f3n.<\/span><\/p><h2><span style=\"color: #000000;\">\u00bfQu\u00e9 causa la comez\u00f3n en las enc\u00edas?<\/span><\/h2><p><span style=\"font-weight: 400; color: #000000;\">Sentir comez\u00f3n en las enc\u00edas puede alertar sobre ciertas alteraciones en la salud oral. Algunas causas, no revisten mayor problema, mientras que otras, constituyen enfermedades graves, como<span style=\"color: #0000ff;\"><strong><a style=\"color: #0000ff;\" href=\"https:\/\/worldofdentistry.org\/es\/como-revertir-la-periodontitis\/\" target=\"_blank\"> la periodontitis<\/a><\/strong><\/span>, que, si no es tratada a tiempo, puede conllevar la p\u00e9rdida dental.<\/span><\/p><p><img fetchpriority=\"high\" decoding=\"async\" class=\"aligncenter wp-image-16425\" style=\"padding: 2px; border: 1px solid #bbb;\" src=\"https:\/\/worldofdentistry.org\/wp-content\/uploads\/2023\/06\/6-2.webp\" alt=\"comez\u00f3n en las enc\u00edas\" width=\"624\" height=\"333\" title=\"\" srcset=\"https:\/\/worldofdentistry.org\/wp-content\/uploads\/2023\/06\/6-2.webp 1500w, https:\/\/worldofdentistry.org\/wp-content\/uploads\/2023\/06\/6-2-600x320.webp 600w, https:\/\/worldofdentistry.org\/wp-content\/uploads\/2023\/06\/6-2-300x160.webp 300w, https:\/\/worldofdentistry.org\/wp-content\/uploads\/2023\/06\/6-2-1024x546.webp 1024w, https:\/\/worldofdentistry.org\/wp-content\/uploads\/2023\/06\/6-2-768x410.webp 768w, https:\/\/worldofdentistry.org\/wp-content\/uploads\/2023\/06\/6-2-150x80.webp 150w\" sizes=\"(max-width: 624px) 100vw, 624px\" \/><\/p><h2><span style=\"color: #000000;\">Causas comunes<\/span><\/h2><h3><strong><span style=\"color: #000000;\">1. Enfermedad de las enc\u00edas<\/span><\/strong><\/h3><p><span style=\"color: #000000;\">Se produce por la acumulaci\u00f3n de comida y bacterias en la superficie de los dientes, generando inflamaci\u00f3n gingival, que se traduce en <span style=\"color: #0000ff;\"><strong><a style=\"color: #0000ff;\" href=\"https:\/\/worldofdentistry.org\/es\/enfermedad-de-las-encias\/\" target=\"_blank\">sangrado, hinchaz\u00f3n y enrojecimiento<\/a><\/strong><\/span>. Cuando la gingivitis avanza sin tratamiento, la inflamaci\u00f3n empeora y las enc\u00edas se despegan de los dientes, formando peque\u00f1as bolsas que se infectan y ocasionan la destrucci\u00f3n del hueso que da soporte a los dientes.<\/span><\/p><p><span style=\"color: #000000;\">A esta condici\u00f3n, se le llama periodontitis, y en algunas personas, puede causar comez\u00f3n. Algunos h\u00e1bitos como el consumo de tabaco o el uso de vapeadores pueden empeorar la enfermedad de las enc\u00edas.<\/span><\/p><h3><strong><span style=\"color: #000000;\">2. Cambios hormonales<\/span><\/strong><\/h3><p><span style=\"color: #000000;\">Durante la pubertad, el embarazo o la menopausia, los cambios hormonales pueden aumentar el riesgo de inflamaci\u00f3n y picaz\u00f3n en las enc\u00edas. Esto empeora si no se mantienen buenos h\u00e1bitos de higiene.<\/span><\/p><h3><strong><span style=\"color: #000000;\">3. S\u00edndrome de alergia oral<\/span><\/strong><\/h3><p><span style=\"color: #000000;\">Es una reacci\u00f3n al\u00e9rgica que aparece cuando personas al\u00e9rgicas al polen consumen ciertos alimentos, como frutos secos, verduras y frutas crudas. Cuando esto sucede, el cuerpo libera sustancias que producen hinchaz\u00f3n y picaz\u00f3n. La fiebre del heno tambi\u00e9n puede causar comez\u00f3n en las enc\u00edas.<\/span><\/p><h3><strong><span style=\"color: #000000;\">4. Pr\u00f3tesis y mala higiene bucal<\/span><\/strong><\/h3><p><span style=\"color: #000000;\">La acumulaci\u00f3n de alimentos entre las pr\u00f3tesis fijas y las enc\u00edas puede generar inflamaci\u00f3n y picaz\u00f3n. Las<span style=\"color: #0000ff;\"><strong><a style=\"color: #0000ff;\" href=\"https:\/\/worldofdentistry.org\/es\/cuidado-de-la-dentadura-postiza\/\" target=\"_blank\"> dentaduras postizas<\/a><\/strong><\/span> mal adaptadas o que no se asean correctamente pueden generar lesiones por hongos, produciendo hormigueo y picaz\u00f3n en el<\/span><\/p><h3><strong><span style=\"color: #000000;\">5. Bruxismo<\/span><\/strong><\/h3><p><span style=\"color: #000000;\">El<span style=\"color: #0000ff;\"><strong><a style=\"color: #0000ff;\" href=\"https:\/\/worldofdentistry.org\/es\/rechinar-los-dientes-puede-causar-caries\/\" target=\"_blank\"> rechinamiento y apretamiento dental<\/a><\/strong><\/span> suele ocurrir como consecuencia del estr\u00e9s, normalmente durante el sue\u00f1o. Esta fricci\u00f3n puede provocar picaz\u00f3n en las enc\u00edas, especialmente en las zonas donde los dientes contactan con las enc\u00edas o los bordes laterales de la lengua.<\/span><\/p><h3><strong><span style=\"color: #000000;\">6. Medicamentos que producen sequedad bucal<\/span><\/strong><\/h3><p><span style=\"color: #000000;\">Muchos f\u00e1rmacos pueden disminuir el flujo de saliva. La falta de lubricaci\u00f3n de la mucosa puede hacer que esta se irrite f\u00e1cilmente, y se produzca ardor o picaz\u00f3n.<\/span><\/p><h2><span style=\"color: #000000;\">Causas menos comunes<\/span><\/h2><h3><strong><span style=\"color: #000000;\">1. Alergia a metales de uso odontol\u00f3gico<\/span><\/strong><\/h3><p><span style=\"color: #000000;\">Aunque no es frecuente, algunos metales empleados en pr\u00f3tesis dentales y aparatos de ortodoncia (frenos) pueden causar alergia y picor en algunas personas. Esto es m\u00e1s frecuente en quienes tienen alergia a los metales de las joyas.<\/span><\/p><h3><strong><span style=\"color: #000000;\">2. Cicatrizaci\u00f3n luego de una extracci\u00f3n dental<\/span><\/strong><\/h3><p><span style=\"color: #000000;\">Despu\u00e9s de una extracci\u00f3n dental, el cierre y la recuperaci\u00f3n de los tejidos puede producir comez\u00f3n. Sin embargo, no es adecuado tocar ni molestar la zona, ya que esto podr\u00eda impedir una buena cicatrizaci\u00f3n.<\/span><\/p><h3><strong><span style=\"color: #000000;\">3. Erupci\u00f3n dental<\/span><\/strong><\/h3><p><span style=\"color: #000000;\">A menudo la salida de los dientes puede producir picaz\u00f3n. Esto es m\u00e1s frecuente en los beb\u00e9s, pero tambi\u00e9n puede suceder durante la <span style=\"color: #0000ff;\"><strong><a style=\"color: #0000ff;\" href=\"https:\/\/worldofdentistry.org\/es\/cuando-salen-las-muelas-de-juicio-sintomas\/\" target=\"_blank\">erupci\u00f3n de las muelas del juicio<\/a><\/strong><\/span>.<\/span><\/p><h2><span style=\"color: #000000;\">\u00bfC\u00f3mo prevenir la comez\u00f3n en las enc\u00edas?<\/span><\/h2><h3><strong><span style=\"color: #000000;\">Mantenga una buena higiene bucal<\/span><\/strong><\/h3><p><span style=\"color: #000000;\">Aseg\u00farese de remover los restos de comida y alimentos de todas las superficies dentales. Esto evita la inflamaci\u00f3n de las enc\u00edas, y previene la aparici\u00f3n de periodontitis.<\/span><\/p><h3><strong><span style=\"color: #000000;\">Mejorar la higiene de las pr\u00f3tesis y aparatos dentales<\/span><\/strong><\/h3><p><span style=\"color: #000000;\">La mala higiene de las pr\u00f3tesis dentales puede producir irritaci\u00f3n de las mucosas. Es importante asear estos dispositivos a diario, con un cepillo suave y jab\u00f3n l\u00edquido de manos. Es recomendable evitar el uso de crema dental y cepillos duros sobre los aparatos y pr\u00f3tesis de acr\u00edlico, ya que pueden hacer que la superficie se vuelva porosa, facilitando la acumulaci\u00f3n de microorganismos que podr\u00edan generar infecciones por hongos.<\/span><\/p><h3><strong><span style=\"color: #000000;\">Evite los desencadenantes<\/span><\/strong><\/h3><p><span style=\"color: #000000;\">Si ha identificado alergia a algunos alimentos o materiales, evite el consumo o contacto con estos. Antes de la colocaci\u00f3n de pr\u00f3tesis dentales o frenos, comunique informe a su dentista si ha presentado reacciones al\u00e9rgicas a metales.<\/span><\/p><h3><strong><span style=\"color: #000000;\">Visite a su dentista regularmente<\/span><\/strong><\/h3><p><span style=\"color: #000000;\">Las visitas regulares al dentista favorecen la salud de las enc\u00edas, ya que se realizan limpiezas profundas que evitan la aparici\u00f3n de periodontitis y permiten la detecci\u00f3n oportuna de problemas de salud oral.<\/span><\/p><p><img decoding=\"async\" class=\"aligncenter wp-image-16427\" style=\"padding: 2px; border: 1px solid #bbb;\" src=\"https:\/\/worldofdentistry.org\/wp-content\/uploads\/2023\/06\/3-9.webp\" alt=\"a girl biting a plastic\" width=\"600\" height=\"320\" title=\"\" srcset=\"https:\/\/worldofdentistry.org\/wp-content\/uploads\/2023\/06\/3-9.webp 1500w, https:\/\/worldofdentistry.org\/wp-content\/uploads\/2023\/06\/3-9-600x320.webp 600w, https:\/\/worldofdentistry.org\/wp-content\/uploads\/2023\/06\/3-9-300x160.webp 300w, https:\/\/worldofdentistry.org\/wp-content\/uploads\/2023\/06\/3-9-1024x546.webp 1024w, https:\/\/worldofdentistry.org\/wp-content\/uploads\/2023\/06\/3-9-768x410.webp 768w, https:\/\/worldofdentistry.org\/wp-content\/uploads\/2023\/06\/3-9-150x80.webp 150w\" sizes=\"(max-width: 600px) 100vw, 600px\" \/><\/p><h2><span style=\"color: #000000;\">\u00bfC\u00f3mo aliviar la comez\u00f3n de las enc\u00edas?<\/span><\/h2><h3><span style=\"color: #000000;\"><strong>Realiza una correcta higiene bucal<\/strong><\/span><\/h3><p><span style=\"color: #000000;\">Cep\u00edllate los dientes al menos dos veces al d\u00eda, y utiliza hilo dental y <span style=\"color: #0000ff;\"><strong><a style=\"color: #0000ff;\" href=\"https:\/\/worldofdentistry.org\/es\/como-se-usa-el-enjuague-bucal-que-evitar\/\" target=\"_blank\">enjuague bucal<\/a><\/strong><\/span>.<\/span><\/p><h3><span style=\"color: #000000;\"><strong>Limpieza dental profesional<\/strong><\/span><\/h3><p><span style=\"color: #000000;\">Si tienes las enc\u00edas inflamadas, una limpieza profesional puede eliminar la placa de comida y bacterias que genera las molestias.<\/span><\/p><h3><span style=\"color: #000000;\"><strong>Modifica h\u00e1bitos nocivos<\/strong><\/span><\/h3><p><span style=\"color: #000000;\">Evita el consumo de tabaco y la inhalaci\u00f3n de otras sustancias t\u00f3xicas.<\/span><\/p><h3><span style=\"color: #000000;\"><strong>Cubitos de hielo<\/strong><\/span><\/h3><p><span style=\"color: #000000;\">Colocar fr\u00edo sobre las enc\u00edas puede ayudar a aliviar la picaz\u00f3n posterior a la extracci\u00f3n dental o durante la erupci\u00f3n de los dientes.<\/span><\/p><h3><span style=\"color: #000000;\"><strong>Mastica chicle sin az\u00facar<\/strong><\/span><\/h3><p><span style=\"color: #000000;\">La goma de mascar <span style=\"color: #0000ff;\"><strong><a style=\"color: #0000ff;\" href=\"https:\/\/worldofdentistry.org\/es\/masticar-chicle-en-la-salud-dental\/\" target=\"_blank\">estimula el flujo salival<\/a><\/strong><\/span>, ayudando a disminuir la sensaci\u00f3n de picaz\u00f3n generada por la sequedad bucal.<\/span><\/p><h3><span style=\"color: #000000;\"><strong>Antihistam\u00ednicos<\/strong><\/span><\/h3><p><span style=\"color: #000000;\">Un profesional de la salud puede prescribir estos medicamentos en casos de alergia, para ayudar a manejar las reacciones de hipersensibilidad.<\/span><\/p><h3><span style=\"color: #000000;\"><strong>Cambio de pr\u00f3tesis dentales<\/strong><\/span><\/h3><p><span style=\"color: #000000;\">Si la picaz\u00f3n es generada por una pr\u00f3tesis dental en mal estado, es conveniente cambiarla. Recuerda que las pr\u00f3tesis dentales acr\u00edlicas tienen un tiempo de vida \u00fatil de entre 3 y 5 a\u00f1os. Una pr\u00f3tesis nueva, sumada al tratamiento de infecciones por hongos, puede ayudar a eliminar la comez\u00f3n en el paladar y las enc\u00edas.<\/span><\/p><p><img decoding=\"async\" class=\"aligncenter wp-image-16423\" style=\"padding: 2px; border: 1px solid #bbb;\" src=\"https:\/\/worldofdentistry.org\/wp-content\/uploads\/2023\/06\/1-5.webp\" alt=\"doctor operating the gums\" width=\"600\" height=\"320\" title=\"\" srcset=\"https:\/\/worldofdentistry.org\/wp-content\/uploads\/2023\/06\/1-5.webp 1500w, https:\/\/worldofdentistry.org\/wp-content\/uploads\/2023\/06\/1-5-600x320.webp 600w, https:\/\/worldofdentistry.org\/wp-content\/uploads\/2023\/06\/1-5-300x160.webp 300w, https:\/\/worldofdentistry.org\/wp-content\/uploads\/2023\/06\/1-5-1024x546.webp 1024w, https:\/\/worldofdentistry.org\/wp-content\/uploads\/2023\/06\/1-5-768x410.webp 768w, https:\/\/worldofdentistry.org\/wp-content\/uploads\/2023\/06\/1-5-150x80.webp 150w\" sizes=\"(max-width: 600px) 100vw, 600px\" \/><\/p><h2><span style=\"color: #000000;\">Conclusi\u00f3n<\/span><\/h2><p><span style=\"font-weight: 400; color: #000000;\">La picaz\u00f3n de las enc\u00edas puede tener muchas causas, algunas m\u00e1s graves que otras. Si cree que tiene s\u00edntomas de periodontitis, alergias o bruxismo, es recomendable buscar el concepto de un dentista para un tratamiento oportuno y adecuado.<\/span><\/p>\t\t\t\t\t\t\t\t<\/div>\n\t\t\t\t\t<\/div>\n\t\t<\/div>\n\t\t\t\t\t<\/div>\n\t\t<\/section>\n\t\t\t\t<section class=\"elementor-section elementor-top-section elementor-element elementor-element-926df8b elementor-section-boxed elementor-section-height-default elementor-section-height-default\" data-id=\"926df8b\" data-element_type=\"section\" data-e-type=\"section\">\n\t\t\t\t\t\t<div class=\"elementor-container elementor-column-gap-default\">\n\t\t\t\t\t<div class=\"elementor-column elementor-col-100 elementor-top-column elementor-element elementor-element-c30212b\" data-id=\"c30212b\" data-element_type=\"column\" data-e-type=\"column\">\n\t\t\t<div class=\"elementor-widget-wrap elementor-element-populated\">\n\t\t\t\t\t\t<div class=\"elementor-element elementor-element-6a13257 elementor-widget elementor-widget-heading\" data-id=\"6a13257\" data-element_type=\"widget\" data-e-type=\"widget\" data-widget_type=\"heading.default\">\n\t\t\t\t\t<h2 class=\"elementor-heading-title elementor-size-default\">Preguntas frecuentes<\/h2>\t\t\t\t<\/div>\n\t\t\t\t<div class=\"elementor-element elementor-element-0862ef7 elementor-widget elementor-widget-n-accordion\" data-id=\"0862ef7\" data-element_type=\"widget\" data-e-type=\"widget\" data-settings=\"{&quot;default_state&quot;:&quot;expanded&quot;,&quot;max_items_expended&quot;:&quot;one&quot;,&quot;n_accordion_animation_duration&quot;:{&quot;unit&quot;:&quot;ms&quot;,&quot;size&quot;:400,&quot;sizes&quot;:[]}}\" data-widget_type=\"nested-accordion.default\">\n\t\t\t\t\t\t\t<div class=\"e-n-accordion\" aria-label=\"Accordion. Open links with Enter or Space, close with Escape, and navigate with Arrow Keys\">\n\t\t\t\t\t\t<details id=\"e-n-accordion-item-8790\" class=\"e-n-accordion-item\" open>\n\t\t\t\t<summary class=\"e-n-accordion-item-title\" data-accordion-index=\"1\" tabindex=\"0\" aria-expanded=\"true\" aria-controls=\"e-n-accordion-item-8790\" >\n\t\t\t\t\t<span class='e-n-accordion-item-title-header'><h3 class=\"e-n-accordion-item-title-text\"> \u00bfQu\u00e9 deficiencia de nutrientes puede provocar comez\u00f3n en las enc\u00edas? <\/h3><\/span>\n\t\t\t\t\t\t\t<span class='e-n-accordion-item-title-icon'>\n\t\t\t<span class='e-opened' ><svg aria-hidden=\"true\" class=\"e-font-icon-svg e-fas-minus\" viewBox=\"0 0 448 512\" xmlns=\"http:\/\/www.w3.org\/2000\/svg\"><path d=\"M416 208H32c-17.67 0-32 14.33-32 32v32c0 17.67 14.33 32 32 32h384c17.67 0 32-14.33 32-32v-32c0-17.67-14.33-32-32-32z\"><\/path><\/svg><\/span>\n\t\t\t<span class='e-closed'><svg aria-hidden=\"true\" class=\"e-font-icon-svg e-fas-plus\" viewBox=\"0 0 448 512\" xmlns=\"http:\/\/www.w3.org\/2000\/svg\"><path d=\"M416 208H272V64c0-17.67-14.33-32-32-32h-32c-17.67 0-32 14.33-32 32v144H32c-17.67 0-32 14.33-32 32v32c0 17.67 14.33 32 32 32h144v144c0 17.67 14.33 32 32 32h32c17.67 0 32-14.33 32-32V304h144c17.67 0 32-14.33 32-32v-32c0-17.67-14.33-32-32-32z\"><\/path><\/svg><\/span>\n\t\t<\/span>\n\n\t\t\t\t\t\t<\/summary>\n\t\t\t\t<div role=\"region\" aria-labelledby=\"e-n-accordion-item-8790\" class=\"elementor-element elementor-element-a47f0fa e-con-full e-flex e-con e-child\" data-id=\"a47f0fa\" data-element_type=\"container\" data-e-type=\"container\">\n\t\t\t\t<div class=\"elementor-element elementor-element-02f4c37 elementor-widget elementor-widget-text-editor\" data-id=\"02f4c37\" data-element_type=\"widget\" data-e-type=\"widget\" data-widget_type=\"text-editor.default\">\n\t\t\t\t\t\t\t\t\t<p><span style=\"color: #000000;\">Una ingesta insuficiente de vitamina C, por ejemplo, puede hacer que las enc\u00edas se inflamen, hinchen y piquen. Esta afecci\u00f3n, conocida como escorbuto, puede provocar la p\u00e9rdida de dientes y diversos problemas de salud. Una dieta equilibrada que incluya frutas y verduras puede prevenir el escorbuto y otras carencias vitam\u00ednicas.<\/span><\/p>\t\t\t\t\t\t\t\t<\/div>\n\t\t\t\t<\/div>\n\t\t\t\t\t<\/details>\n\t\t\t\t\t\t<details id=\"e-n-accordion-item-8791\" class=\"e-n-accordion-item\" >\n\t\t\t\t<summary class=\"e-n-accordion-item-title\" data-accordion-index=\"2\" tabindex=\"-1\" aria-expanded=\"false\" aria-controls=\"e-n-accordion-item-8791\" >\n\t\t\t\t\t<span class='e-n-accordion-item-title-header'><h3 class=\"e-n-accordion-item-title-text\"> \u00bfQu\u00e9 causa la sensaci\u00f3n de comez\u00f3n en los dientes? <\/h3><\/span>\n\t\t\t\t\t\t\t<span class='e-n-accordion-item-title-icon'>\n\t\t\t<span class='e-opened' ><svg aria-hidden=\"true\" class=\"e-font-icon-svg e-fas-minus\" viewBox=\"0 0 448 512\" xmlns=\"http:\/\/www.w3.org\/2000\/svg\"><path d=\"M416 208H32c-17.67 0-32 14.33-32 32v32c0 17.67 14.33 32 32 32h384c17.67 0 32-14.33 32-32v-32c0-17.67-14.33-32-32-32z\"><\/path><\/svg><\/span>\n\t\t\t<span class='e-closed'><svg aria-hidden=\"true\" class=\"e-font-icon-svg e-fas-plus\" viewBox=\"0 0 448 512\" xmlns=\"http:\/\/www.w3.org\/2000\/svg\"><path d=\"M416 208H272V64c0-17.67-14.33-32-32-32h-32c-17.67 0-32 14.33-32 32v144H32c-17.67 0-32 14.33-32 32v32c0 17.67 14.33 32 32 32h144v144c0 17.67 14.33 32 32 32h32c17.67 0 32-14.33 32-32V304h144c17.67 0 32-14.33 32-32v-32c0-17.67-14.33-32-32-32z\"><\/path><\/svg><\/span>\n\t\t<\/span>\n\n\t\t\t\t\t\t<\/summary>\n\t\t\t\t<div role=\"region\" aria-labelledby=\"e-n-accordion-item-8791\" class=\"elementor-element elementor-element-755e0bb e-con-full e-flex e-con e-child\" data-id=\"755e0bb\" data-element_type=\"container\" data-e-type=\"container\">\n\t\t\t\t<div class=\"elementor-element elementor-element-1e65299 elementor-widget elementor-widget-text-editor\" data-id=\"1e65299\" data-element_type=\"widget\" data-e-type=\"widget\" data-widget_type=\"text-editor.default\">\n\t\t\t\t\t\t\t\t\t<p><span style=\"color: #000000;\">La acumulaci\u00f3n de placa a lo largo de la l\u00ednea de las enc\u00edas puede provocar una sensaci\u00f3n de picaz\u00f3n en las enc\u00edas, que tambi\u00e9n puede percibirse como picaz\u00f3n en los dientes. La enfermedad de las enc\u00edas puede aumentar la sensibilidad dental, lo que podr\u00eda provocar una sensaci\u00f3n de picaz\u00f3n.<\/span><\/p>\t\t\t\t\t\t\t\t<\/div>\n\t\t\t\t<\/div>\n\t\t\t\t\t<\/details>\n\t\t\t\t\t\t<details id=\"e-n-accordion-item-8792\" class=\"e-n-accordion-item\" >\n\t\t\t\t<summary class=\"e-n-accordion-item-title\" data-accordion-index=\"3\" tabindex=\"-1\" aria-expanded=\"false\" aria-controls=\"e-n-accordion-item-8792\" >\n\t\t\t\t\t<span class='e-n-accordion-item-title-header'><h3 class=\"e-n-accordion-item-title-text\"> \u00bfEs posible que una infecci\u00f3n sinusal cause comez\u00f3n en las enc\u00edas? <\/h3><\/span>\n\t\t\t\t\t\t\t<span class='e-n-accordion-item-title-icon'>\n\t\t\t<span class='e-opened' ><svg aria-hidden=\"true\" class=\"e-font-icon-svg e-fas-minus\" viewBox=\"0 0 448 512\" xmlns=\"http:\/\/www.w3.org\/2000\/svg\"><path d=\"M416 208H32c-17.67 0-32 14.33-32 32v32c0 17.67 14.33 32 32 32h384c17.67 0 32-14.33 32-32v-32c0-17.67-14.33-32-32-32z\"><\/path><\/svg><\/span>\n\t\t\t<span class='e-closed'><svg aria-hidden=\"true\" class=\"e-font-icon-svg e-fas-plus\" viewBox=\"0 0 448 512\" xmlns=\"http:\/\/www.w3.org\/2000\/svg\"><path d=\"M416 208H272V64c0-17.67-14.33-32-32-32h-32c-17.67 0-32 14.33-32 32v144H32c-17.67 0-32 14.33-32 32v32c0 17.67 14.33 32 32 32h144v144c0 17.67 14.33 32 32 32h32c17.67 0 32-14.33 32-32V304h144c17.67 0 32-14.33 32-32v-32c0-17.67-14.33-32-32-32z\"><\/path><\/svg><\/span>\n\t\t<\/span>\n\n\t\t\t\t\t\t<\/summary>\n\t\t\t\t<div role=\"region\" aria-labelledby=\"e-n-accordion-item-8792\" class=\"elementor-element elementor-element-adb5e8f e-con-full e-flex e-con e-child\" data-id=\"adb5e8f\" data-element_type=\"container\" data-e-type=\"container\">\n\t\t\t\t<div class=\"elementor-element elementor-element-b25dd64 elementor-widget elementor-widget-text-editor\" data-id=\"b25dd64\" data-element_type=\"widget\" data-e-type=\"widget\" data-widget_type=\"text-editor.default\">\n\t\t\t\t\t\t\t\t\t<p><span style=\"color: #000000;\">Adem\u00e1s, un exceso de mucosidad, a menudo asociado a problemas cr\u00f3nicos de sinusitis o a un resfriado com\u00fan, puede estimular la producci\u00f3n de placa. Si no se aborda o trata con prontitud, la acumulaci\u00f3n de placa puede progresar a gingivitis, que es la fase inicial de la enfermedad de las enc\u00edas. Durante esta fase, experimentar \u00abpicor\u00bb es un s\u00edntoma com\u00fan.<\/span><\/p>\t\t\t\t\t\t\t\t<\/div>\n\t\t\t\t<\/div>\n\t\t\t\t\t<\/details>\n\t\t\t\t\t\t<details id=\"e-n-accordion-item-8793\" class=\"e-n-accordion-item\" >\n\t\t\t\t<summary class=\"e-n-accordion-item-title\" data-accordion-index=\"4\" tabindex=\"-1\" aria-expanded=\"false\" aria-controls=\"e-n-accordion-item-8793\" >\n\t\t\t\t\t<span class='e-n-accordion-item-title-header'><h3 class=\"e-n-accordion-item-title-text\"> \u00bfLa comez\u00f3n en las enc\u00edas es un signo de curaci\u00f3n? <\/h3><\/span>\n\t\t\t\t\t\t\t<span class='e-n-accordion-item-title-icon'>\n\t\t\t<span class='e-opened' ><svg aria-hidden=\"true\" class=\"e-font-icon-svg e-fas-minus\" viewBox=\"0 0 448 512\" xmlns=\"http:\/\/www.w3.org\/2000\/svg\"><path d=\"M416 208H32c-17.67 0-32 14.33-32 32v32c0 17.67 14.33 32 32 32h384c17.67 0 32-14.33 32-32v-32c0-17.67-14.33-32-32-32z\"><\/path><\/svg><\/span>\n\t\t\t<span class='e-closed'><svg aria-hidden=\"true\" class=\"e-font-icon-svg e-fas-plus\" viewBox=\"0 0 448 512\" xmlns=\"http:\/\/www.w3.org\/2000\/svg\"><path d=\"M416 208H272V64c0-17.67-14.33-32-32-32h-32c-17.67 0-32 14.33-32 32v144H32c-17.67 0-32 14.33-32 32v32c0 17.67 14.33 32 32 32h144v144c0 17.67 14.33 32 32 32h32c17.67 0 32-14.33 32-32V304h144c17.67 0 32-14.33 32-32v-32c0-17.67-14.33-32-32-32z\"><\/path><\/svg><\/span>\n\t\t<\/span>\n\n\t\t\t\t\t\t<\/summary>\n\t\t\t\t<div role=\"region\" aria-labelledby=\"e-n-accordion-item-8793\" class=\"elementor-element elementor-element-e1c788a e-flex e-con-boxed e-con e-child\" data-id=\"e1c788a\" data-element_type=\"container\" data-e-type=\"container\">\n\t\t\t\t\t<div class=\"e-con-inner\">\n\t\t\t\t<div class=\"elementor-element elementor-element-f163018 elementor-widget elementor-widget-text-editor\" data-id=\"f163018\" data-element_type=\"widget\" data-e-type=\"widget\" data-widget_type=\"text-editor.default\">\n\t\t\t\t\t\t\t\t\t<p><span style=\"color: #000000;\">Ocasionalmente, cuando se lesiona las enc\u00edas, se somete a una extracci\u00f3n dental, como la cirug\u00eda de las muelas del juicio, o desarrolla una \u00falcera en las enc\u00edas, puede experimentar picor como parte del proceso de curaci\u00f3n. Se trata de un aspecto natural del proceso de curaci\u00f3n, y es aconsejable no rascarse la zona, ya que podr\u00eda reabrir la herida.<\/span><\/p>\t\t\t\t\t\t\t\t<\/div>\n\t\t\t\t\t<\/div>\n\t\t\t\t<\/div>\n\t\t\t\t\t<\/details>\n\t\t\t\t\t<\/div>\n\t\t\t\t\t<script type=\"application\/ld+json\">{\"@context\":\"https:\\\/\\\/schema.org\",\"@type\":\"FAQPage\",\"mainEntity\":[{\"@type\":\"Question\",\"name\":\"\\u00bfQu\\u00e9 deficiencia de nutrientes puede provocar comez\\u00f3n en las enc\\u00edas?\",\"acceptedAnswer\":{\"@type\":\"Answer\",\"text\":\"Una ingesta insuficiente de vitamina C, por ejemplo, puede hacer que las enc\\u00edas se inflamen, hinchen y piquen. Esta afecci\\u00f3n, conocida como escorbuto, puede provocar la p\\u00e9rdida de dientes y diversos problemas de salud. Una dieta equilibrada que incluya frutas y verduras puede prevenir el escorbuto y otras carencias vitam\\u00ednicas.\"}},{\"@type\":\"Question\",\"name\":\"\\u00bfQu\\u00e9 causa la sensaci\\u00f3n de comez\\u00f3n en los dientes?\",\"acceptedAnswer\":{\"@type\":\"Answer\",\"text\":\"La acumulaci\\u00f3n de placa a lo largo de la l\\u00ednea de las enc\\u00edas puede provocar una sensaci\\u00f3n de picaz\\u00f3n en las enc\\u00edas, que tambi\\u00e9n puede percibirse como picaz\\u00f3n en los dientes. La enfermedad de las enc\\u00edas puede aumentar la sensibilidad dental, lo que podr\\u00eda provocar una sensaci\\u00f3n de picaz\\u00f3n.\"}},{\"@type\":\"Question\",\"name\":\"\\u00bfEs posible que una infecci\\u00f3n sinusal cause comez\\u00f3n en las enc\\u00edas?\",\"acceptedAnswer\":{\"@type\":\"Answer\",\"text\":\"Adem\\u00e1s, un exceso de mucosidad, a menudo asociado a problemas cr\\u00f3nicos de sinusitis o a un resfriado com\\u00fan, puede estimular la producci\\u00f3n de placa. Si no se aborda o trata con prontitud, la acumulaci\\u00f3n de placa puede progresar a gingivitis, que es la fase inicial de la enfermedad de las enc\\u00edas. Durante esta fase, experimentar \\u00abpicor\\u00bb es un s\\u00edntoma com\\u00fan.\"}},{\"@type\":\"Question\",\"name\":\"\\u00bfLa comez\\u00f3n en las enc\\u00edas es un signo de curaci\\u00f3n?\",\"acceptedAnswer\":{\"@type\":\"Answer\",\"text\":\"Ocasionalmente, cuando se lesiona las enc\\u00edas, se somete a una extracci\\u00f3n dental, como la cirug\\u00eda de las muelas del juicio, o desarrolla una \\u00falcera en las enc\\u00edas, puede experimentar picor como parte del proceso de curaci\\u00f3n. Se trata de un aspecto natural del proceso de curaci\\u00f3n, y es aconsejable no rascarse la zona, ya que podr\\u00eda reabrir la herida.\"}}]}<\/script>\n\t\t\t\t\t\t\t<\/div>\n\t\t\t\t\t<\/div>\n\t\t<\/div>\n\t\t\t\t\t<\/div>\n\t\t<\/section>\n\t\t\t\t<section class=\"elementor-section elementor-top-section elementor-element elementor-element-c74c270 elementor-section-boxed elementor-section-height-default elementor-section-height-default\" data-id=\"c74c270\" data-element_type=\"section\" data-e-type=\"section\">\n\t\t\t\t\t\t<div class=\"elementor-container elementor-column-gap-default\">\n\t\t\t\t\t<div class=\"elementor-column elementor-col-100 elementor-top-column elementor-element elementor-element-59952d2\" data-id=\"59952d2\" data-element_type=\"column\" data-e-type=\"column\">\n\t\t\t<div class=\"elementor-widget-wrap elementor-element-populated\">\n\t\t\t\t\t\t<div class=\"elementor-element elementor-element-18831ed elementor-widget elementor-widget-spacer\" data-id=\"18831ed\" data-element_type=\"widget\" data-e-type=\"widget\" data-widget_type=\"spacer.default\">\n\t\t\t\t\t\t\t<div class=\"elementor-spacer\">\n\t\t\t<div class=\"elementor-spacer-inner\"><\/div>\n\t\t<\/div>\n\t\t\t\t\t\t<\/div>\n\t\t\t\t<div class=\"elementor-element elementor-element-f048477 elementor-widget elementor-widget-spacer\" data-id=\"f048477\" data-element_type=\"widget\" data-e-type=\"widget\" data-widget_type=\"spacer.default\">\n\t\t\t\t\t\t\t<div class=\"elementor-spacer\">\n\t\t\t<div class=\"elementor-spacer-inner\"><\/div>\n\t\t<\/div>\n\t\t\t\t\t\t<\/div>\n\t\t\t\t<section class=\"elementor-section elementor-inner-section elementor-element elementor-element-18473d18 elementor-section-boxed elementor-section-height-default elementor-section-height-default\" data-id=\"18473d18\" data-element_type=\"section\" data-e-type=\"section\">\n\t\t\t\t\t\t<div class=\"elementor-container elementor-column-gap-default\">\n\t\t\t\t\t<div class=\"elementor-column elementor-col-50 elementor-inner-column elementor-element elementor-element-28b7bd3\" data-id=\"28b7bd3\" data-element_type=\"column\" data-e-type=\"column\">\n\t\t\t<div class=\"elementor-widget-wrap elementor-element-populated\">\n\t\t\t\t\t\t<div class=\"elementor-element elementor-element-2dd4417f elementor-widget__width-initial elementor-widget elementor-widget-text-editor\" data-id=\"2dd4417f\" data-element_type=\"widget\" data-e-type=\"widget\" data-widget_type=\"text-editor.default\">\n\t\t\t\t\t\t\t\t\t<p><strong><span style=\"color: #000000;\">Share:<\/span><\/strong><\/p>\t\t\t\t\t\t\t\t<\/div>\n\t\t\t\t\t<\/div>\n\t\t<\/div>\n\t\t\t\t<div class=\"elementor-column elementor-col-50 elementor-inner-column elementor-element elementor-element-46896ae4\" data-id=\"46896ae4\" data-element_type=\"column\" data-e-type=\"column\">\n\t\t\t<div class=\"elementor-widget-wrap elementor-element-populated\">\n\t\t\t\t\t\t<div class=\"elementor-element elementor-element-64a97eb2 elementor-share-buttons--view-icon elementor-share-buttons--skin-flat elementor-share-buttons--shape-circle elementor-grid-0 elementor-share-buttons--color-official elementor-widget elementor-widget-share-buttons\" data-id=\"64a97eb2\" data-element_type=\"widget\" data-e-type=\"widget\" data-widget_type=\"share-buttons.default\">\n\t\t\t\t\t\t\t<div class=\"elementor-grid\" role=\"list\">\n\t\t\t\t\t\t\t\t<div class=\"elementor-grid-item\" role=\"listitem\">\n\t\t\t\t\t\t<div class=\"elementor-share-btn elementor-share-btn_facebook\" role=\"button\" tabindex=\"0\" aria-label=\"Compartir en facebook\">\n\t\t\t\t\t\t\t\t\t\t\t\t\t\t\t<span class=\"elementor-share-btn__icon\">\n\t\t\t\t\t\t\t\t<svg aria-hidden=\"true\" class=\"e-font-icon-svg e-fab-facebook\" viewBox=\"0 0 512 512\" xmlns=\"http:\/\/www.w3.org\/2000\/svg\"><path d=\"M504 256C504 119 393 8 256 8S8 119 8 256c0 123.78 90.69 226.38 209.25 245V327.69h-63V256h63v-54.64c0-62.15 37-96.48 93.67-96.48 27.14 0 55.52 4.84 55.52 4.84v61h-31.28c-30.8 0-40.41 19.12-40.41 38.73V256h68.78l-11 71.69h-57.78V501C413.31 482.38 504 379.78 504 256z\"><\/path><\/svg>\t\t\t\t\t\t\t<\/span>\n\t\t\t\t\t\t\t\t\t\t\t\t\t\t\t\t\t\t\t\t<\/div>\n\t\t\t\t\t<\/div>\n\t\t\t\t\t\t\t\t\t<div class=\"elementor-grid-item\" role=\"listitem\">\n\t\t\t\t\t\t<div class=\"elementor-share-btn elementor-share-btn_twitter\" role=\"button\" tabindex=\"0\" aria-label=\"Compartir en twitter\">\n\t\t\t\t\t\t\t\t\t\t\t\t\t\t\t<span class=\"elementor-share-btn__icon\">\n\t\t\t\t\t\t\t\t<svg aria-hidden=\"true\" class=\"e-font-icon-svg e-fab-twitter\" viewBox=\"0 0 512 512\" xmlns=\"http:\/\/www.w3.org\/2000\/svg\"><path d=\"M459.37 151.716c.325 4.548.325 9.097.325 13.645 0 138.72-105.583 298.558-298.558 298.558-59.452 0-114.68-17.219-161.137-47.106 8.447.974 16.568 1.299 25.34 1.299 49.055 0 94.213-16.568 130.274-44.832-46.132-.975-84.792-31.188-98.112-72.772 6.498.974 12.995 1.624 19.818 1.624 9.421 0 18.843-1.3 27.614-3.573-48.081-9.747-84.143-51.98-84.143-102.985v-1.299c13.969 7.797 30.214 12.67 47.431 13.319-28.264-18.843-46.781-51.005-46.781-87.391 0-19.492 5.197-37.36 14.294-52.954 51.655 63.675 129.3 105.258 216.365 109.807-1.624-7.797-2.599-15.918-2.599-24.04 0-57.828 46.782-104.934 104.934-104.934 30.213 0 57.502 12.67 76.67 33.137 23.715-4.548 46.456-13.32 66.599-25.34-7.798 24.366-24.366 44.833-46.132 57.827 21.117-2.273 41.584-8.122 60.426-16.243-14.292 20.791-32.161 39.308-52.628 54.253z\"><\/path><\/svg>\t\t\t\t\t\t\t<\/span>\n\t\t\t\t\t\t\t\t\t\t\t\t\t\t\t\t\t\t\t\t<\/div>\n\t\t\t\t\t<\/div>\n\t\t\t\t\t\t\t\t\t<div class=\"elementor-grid-item\" role=\"listitem\">\n\t\t\t\t\t\t<div class=\"elementor-share-btn elementor-share-btn_linkedin\" role=\"button\" tabindex=\"0\" aria-label=\"Compartir en linkedin\">\n\t\t\t\t\t\t\t\t\t\t\t\t\t\t\t<span class=\"elementor-share-btn__icon\">\n\t\t\t\t\t\t\t\t<svg aria-hidden=\"true\" class=\"e-font-icon-svg e-fab-linkedin\" viewBox=\"0 0 448 512\" xmlns=\"http:\/\/www.w3.org\/2000\/svg\"><path d=\"M416 32H31.9C14.3 32 0 46.5 0 64.3v383.4C0 465.5 14.3 480 31.9 480H416c17.6 0 32-14.5 32-32.3V64.3c0-17.8-14.4-32.3-32-32.3zM135.4 416H69V202.2h66.5V416zm-33.2-243c-21.3 0-38.5-17.3-38.5-38.5S80.9 96 102.2 96c21.2 0 38.5 17.3 38.5 38.5 0 21.3-17.2 38.5-38.5 38.5zm282.1 243h-66.4V312c0-24.8-.5-56.7-34.5-56.7-34.6 0-39.9 27-39.9 54.9V416h-66.4V202.2h63.7v29.2h.9c8.9-16.8 30.6-34.5 62.9-34.5 67.2 0 79.7 44.3 79.7 101.9V416z\"><\/path><\/svg>\t\t\t\t\t\t\t<\/span>\n\t\t\t\t\t\t\t\t\t\t\t\t\t\t\t\t\t\t\t\t<\/div>\n\t\t\t\t\t<\/div>\n\t\t\t\t\t\t\t\t\t<div class=\"elementor-grid-item\" role=\"listitem\">\n\t\t\t\t\t\t<div class=\"elementor-share-btn elementor-share-btn_email\" role=\"button\" tabindex=\"0\" aria-label=\"Compartir en email\">\n\t\t\t\t\t\t\t\t\t\t\t\t\t\t\t<span class=\"elementor-share-btn__icon\">\n\t\t\t\t\t\t\t\t<svg aria-hidden=\"true\" class=\"e-font-icon-svg e-fas-envelope\" viewBox=\"0 0 512 512\" xmlns=\"http:\/\/www.w3.org\/2000\/svg\"><path d=\"M502.3 190.8c3.9-3.1 9.7-.2 9.7 4.7V400c0 26.5-21.5 48-48 48H48c-26.5 0-48-21.5-48-48V195.6c0-5 5.7-7.8 9.7-4.7 22.4 17.4 52.1 39.5 154.1 113.6 21.1 15.4 56.7 47.8 92.2 47.6 35.7.3 72-32.8 92.3-47.6 102-74.1 131.6-96.3 154-113.7zM256 320c23.2.4 56.6-29.2 73.4-41.4 132.7-96.3 142.8-104.7 173.4-128.7 5.8-4.5 9.2-11.5 9.2-18.9v-19c0-26.5-21.5-48-48-48H48C21.5 64 0 85.5 0 112v19c0 7.4 3.4 14.3 9.2 18.9 30.6 23.9 40.7 32.4 173.4 128.7 16.8 12.2 50.2 41.8 73.4 41.4z\"><\/path><\/svg>\t\t\t\t\t\t\t<\/span>\n\t\t\t\t\t\t\t\t\t\t\t\t\t\t\t\t\t\t\t\t<\/div>\n\t\t\t\t\t<\/div>\n\t\t\t\t\t\t\t\t\t<div class=\"elementor-grid-item\" role=\"listitem\">\n\t\t\t\t\t\t<div class=\"elementor-share-btn elementor-share-btn_print\" role=\"button\" tabindex=\"0\" aria-label=\"Compartir en print\">\n\t\t\t\t\t\t\t\t\t\t\t\t\t\t\t<span class=\"elementor-share-btn__icon\">\n\t\t\t\t\t\t\t\t<svg aria-hidden=\"true\" class=\"e-font-icon-svg e-fas-print\" viewBox=\"0 0 512 512\" xmlns=\"http:\/\/www.w3.org\/2000\/svg\"><path d=\"M448 192V77.25c0-8.49-3.37-16.62-9.37-22.63L393.37 9.37c-6-6-14.14-9.37-22.63-9.37H96C78.33 0 64 14.33 64 32v160c-35.35 0-64 28.65-64 64v112c0 8.84 7.16 16 16 16h48v96c0 17.67 14.33 32 32 32h320c17.67 0 32-14.33 32-32v-96h48c8.84 0 16-7.16 16-16V256c0-35.35-28.65-64-64-64zm-64 256H128v-96h256v96zm0-224H128V64h192v48c0 8.84 7.16 16 16 16h48v96zm48 72c-13.25 0-24-10.75-24-24 0-13.26 10.75-24 24-24s24 10.74 24 24c0 13.25-10.75 24-24 24z\"><\/path><\/svg>\t\t\t\t\t\t\t<\/span>\n\t\t\t\t\t\t\t\t\t\t\t\t\t\t\t\t\t\t\t\t<\/div>\n\t\t\t\t\t<\/div>\n\t\t\t\t\t\t<\/div>\n\t\t\t\t\t\t<\/div>\n\t\t\t\t\t<\/div>\n\t\t<\/div>\n\t\t\t\t\t<\/div>\n\t\t<\/section>\n\t\t\t\t<div class=\"elementor-element elementor-element-35e12da elementor-widget elementor-widget-spacer\" data-id=\"35e12da\" data-element_type=\"widget\" data-e-type=\"widget\" data-widget_type=\"spacer.default\">\n\t\t\t\t\t\t\t<div class=\"elementor-spacer\">\n\t\t\t<div class=\"elementor-spacer-inner\"><\/div>\n\t\t<\/div>\n\t\t\t\t\t\t<\/div>\n\t\t\t\t<div class=\"elementor-element elementor-element-f8b3f9d elementor-widget elementor-widget-spacer\" data-id=\"f8b3f9d\" data-element_type=\"widget\" data-e-type=\"widget\" data-widget_type=\"spacer.default\">\n\t\t\t\t\t\t\t<div class=\"elementor-spacer\">\n\t\t\t<div class=\"elementor-spacer-inner\"><\/div>\n\t\t<\/div>\n\t\t\t\t\t\t<\/div>\n\t\t\t\t<div class=\"elementor-element elementor-element-95da16b elementor-widget elementor-widget-text-editor\" data-id=\"95da16b\" data-element_type=\"widget\" data-e-type=\"widget\" data-widget_type=\"text-editor.default\">\n\t\t\t\t\t\t\t\t\t<h2><span style=\"color: #000000;\">Referencias<\/span><\/h2><p><span style=\"color: #000000;\">1. Babiner, M. (2022). Itchy gums: Root causes, treatments, prevention &amp; outlook. Triplebristle.com. Recuperado el 28 de mayo de 2023, de <strong><span style=\"color: #0000ff;\"><a style=\"color: #0000ff;\" href=\"https:\/\/www.triplebristle.com\/blog\/periodontitis\/itchy-gums\" target=\"_blank\" rel=\"noopener\">https:\/\/www.triplebristle.com\/blog\/periodontitis\/itchy-gums<\/a><\/span><\/strong><\/span><\/p><p><span style=\"color: #000000;\">2. Holland, K. (Aug 22, 2017). Itchy gums. Healthline. <strong><span style=\"color: #0000ff;\"><a style=\"color: #0000ff;\" href=\"https:\/\/www.healthline.com\/health\/dental-and-oral-health\/itchy-gums\" target=\"_blank\" rel=\"noopener\">https:\/\/www.healthline.com\/health\/dental-and-oral-health\/itchy-gums<\/a><\/span><\/strong><\/span><\/p><p><span style=\"color: #000000;\">3. S\u00edndrome de alergia oral. (2022). Kidshealth.org. <strong><span style=\"color: #0000ff;\"><a style=\"color: #0000ff;\" href=\"https:\/\/kidshealth.org\/es\/parents\/oas-sydrome.html\" target=\"_blank\" rel=\"noopener\">https:\/\/kidshealth.org\/es\/parents\/oas-sydrome.html<\/a><\/span><\/strong><\/span><\/p><p><span style=\"color: #000000;\">4. Whitney DiFoggio BS, R. D. H. (Nov 19, 2022). 11 reasons why your gums are itchy. Teeth Talk Girl. <strong><span style=\"color: #0000ff;\"><a style=\"color: #0000ff;\" href=\"https:\/\/www.teethtalkgirl.com\/dental-health\/itchy-gums\" target=\"_blank\" rel=\"noopener\">https:\/\/www.teethtalkgirl.com\/dental-health\/itchy-gums<\/a><\/span><\/strong><\/span><\/p><p><span style=\"color: #000000;\">5. Sissons, C. (Sep 29, 2017). Itchy gums: Causes, relief, and prevention. Medicalnewstoday.com. <strong><span style=\"color: #0000ff;\"><a style=\"color: #0000ff;\" href=\"https:\/\/www.medicalnewstoday.com\/articles\/319565\" target=\"_blank\" rel=\"noopener\">https:\/\/www.medicalnewstoday.com\/articles\/319565<\/a><\/span><\/strong><\/span><\/p><p><span style=\"color: #000000;\">6. Rodr\u00edguez Ortega, J., Miranda Tarrag\u00f3, J., Morej\u00f3n Lugones, H., &amp; Santana Garay, J. C. (2002). Candidiasis de la mucosa bucal: Revisi\u00f3n bibliogr\u00e1fica. Revista Cubana de Estomatolog\u00eda, 39(2), 187-233.<\/span><\/p>\t\t\t\t\t\t\t\t<\/div>\n\t\t\t\t\t<\/div>\n\t\t<\/div>\n\t\t\t\t\t<\/div>\n\t\t<\/section>\n\t\t\t\t<\/div>\n\t\t","protected":false},"excerpt":{"rendered":"<p>Causas de la comez\u00f3n en las enc\u00edas: Desencadenantes comunes y consejos de prevenci\u00f3n La salud dental suele relacionarse con tener [&hellip;]<\/p>\n","protected":false},"author":19,"featured_media":16443,"comment_status":"closed","ping_status":"closed","sticky":false,"template":"elementor_theme","format":"standard","meta":{"site-sidebar-layout":"default","site-content-layout":"","ast-site-content-layout":"default","site-content-style":"default","site-sidebar-style":"default","ast-global-header-display":"","ast-banner-title-visibility":"","ast-main-header-display":"","ast-hfb-above-header-display":"","ast-hfb-below-header-display":"","ast-hfb-mobile-header-display":"","site-post-title":"","ast-breadcrumbs-content":"","ast-featured-img":"","footer-sml-layout":"","ast-disable-related-posts":"","theme-transparent-header-meta":"default","adv-header-id-meta":"","stick-header-meta":"","header-above-stick-meta":"","header-main-stick-meta":"","header-below-stick-meta":"","astra-migrate-meta-layouts":"set","ast-page-background-enabled":"default","ast-page-background-meta":{"desktop":{"background-color":"var(--ast-global-color-4)","background-image":"","background-repeat":"repeat","background-position":"center center","background-size":"auto","background-attachment":"scroll","background-type":"","background-media":"","overlay-type":"","overlay-color":"","overlay-opacity":"","overlay-gradient":""},"tablet":{"background-color":"","background-image":"","background-repeat":"repeat","background-position":"center center","background-size":"auto","background-attachment":"scroll","background-type":"","background-media":"","overlay-type":"","overlay-color":"","overlay-opacity":"","overlay-gradient":""},"mobile":{"background-color":"","background-image":"","background-repeat":"repeat","background-position":"center center","background-size":"auto","background-attachment":"scroll","background-type":"","background-media":"","overlay-type":"","overlay-color":"","overlay-opacity":"","overlay-gradient":""}},"ast-content-background-meta":{"desktop":{"background-color":"var(--ast-global-color-5)","background-image":"","background-repeat":"repeat","background-position":"center center","background-size":"auto","background-attachment":"scroll","background-type":"","background-media":"","overlay-type":"","overlay-color":"","overlay-opacity":"","overlay-gradient":""},"tablet":{"background-color":"var(--ast-global-color-5)","background-image":"","background-repeat":"repeat","background-position":"center center","background-size":"auto","background-attachment":"scroll","background-type":"","background-media":"","overlay-type":"","overlay-color":"","overlay-opacity":"","overlay-gradient":""},"mobile":{"background-color":"var(--ast-global-color-5)","background-image":"","background-repeat":"repeat","background-position":"center center","background-size":"auto","background-attachment":"scroll","background-type":"","background-media":"","overlay-type":"","overlay-color":"","overlay-opacity":"","overlay-gradient":""}},"footnotes":""},"categories":[761,768],"tags":[],"ppma_author":[8383],"class_list":["post-18971","post","type-post","status-publish","format-standard","has-post-thumbnail","hentry","category-lesiones-dentales","category-traumatismo-en-la-boca-o-los-dientes","author-gustavo"],"authors":[{"term_id":8383,"user_id":0,"is_guest":1,"slug":"gustavo","display_name":"Gustavo Assatourians","avatar_url":{"url":"https:\/\/worldofdentistry.org\/wp-content\/uploads\/2025\/01\/dr-gustavo.png","url2x":"https:\/\/worldofdentistry.org\/wp-content\/uploads\/2025\/01\/dr-gustavo.png"},"first_name":"Gustavo","last_name":"Assatourians","user_url":"","job_title":"","linkedin":"","description":""}],"_links":{"self":[{"href":"https:\/\/worldofdentistry.org\/es\/wp-json\/wp\/v2\/posts\/18971","targetHints":{"allow":["GET"]}}],"collection":[{"href":"https:\/\/worldofdentistry.org\/es\/wp-json\/wp\/v2\/posts"}],"about":[{"href":"https:\/\/worldofdentistry.org\/es\/wp-json\/wp\/v2\/types\/post"}],"author":[{"embeddable":true,"href":"https:\/\/worldofdentistry.org\/es\/wp-json\/wp\/v2\/users\/19"}],"replies":[{"embeddable":true,"href":"https:\/\/worldofdentistry.org\/es\/wp-json\/wp\/v2\/comments?post=18971"}],"version-history":[{"count":0,"href":"https:\/\/worldofdentistry.org\/es\/wp-json\/wp\/v2\/posts\/18971\/revisions"}],"wp:featuredmedia":[{"embeddable":true,"href":"https:\/\/worldofdentistry.org\/es\/wp-json\/wp\/v2\/media\/16443"}],"wp:attachment":[{"href":"https:\/\/worldofdentistry.org\/es\/wp-json\/wp\/v2\/media?parent=18971"}],"wp:term":[{"taxonomy":"category","embeddable":true,"href":"https:\/\/worldofdentistry.org\/es\/wp-json\/wp\/v2\/categories?post=18971"},{"taxonomy":"post_tag","embeddable":true,"href":"https:\/\/worldofdentistry.org\/es\/wp-json\/wp\/v2\/tags?post=18971"},{"taxonomy":"author","embeddable":true,"href":"https:\/\/worldofdentistry.org\/es\/wp-json\/wp\/v2\/ppma_author?post=18971"}],"curies":[{"name":"wp","href":"https:\/\/api.w.org\/{rel}","templated":true}]}}