{"id":101313,"date":"2025-07-17T07:56:53","date_gmt":"2025-07-17T14:56:53","guid":{"rendered":"https:\/\/worldofdentistry.org\/?p=101313"},"modified":"2026-04-17T09:25:23","modified_gmt":"2026-04-17T16:25:23","slug":"violeta-de-genciana-blanquear-los-dientes","status":"publish","type":"post","link":"https:\/\/worldofdentistry.org\/es\/violeta-de-genciana-blanquear-los-dientes\/","title":{"rendered":"\u00bfLa violeta de genciana sirve para blanquear los dientes?"},"content":{"rendered":"\t\t<div data-elementor-type=\"wp-post\" data-elementor-id=\"101313\" class=\"elementor elementor-101313 elementor-101292\" data-elementor-post-type=\"post\">\n\t\t\t\t<div class=\"elementor-element elementor-element-9f2e1c5 e-flex e-con-boxed e-con e-parent\" data-id=\"9f2e1c5\" data-element_type=\"container\" data-e-type=\"container\">\n\t\t\t\t\t<div class=\"e-con-inner\">\n\t\t\t\t<div class=\"elementor-element elementor-element-26b291d elementor-blockquote--skin-border elementor-widget elementor-widget-blockquote\" data-id=\"26b291d\" data-element_type=\"widget\" data-e-type=\"widget\" data-widget_type=\"blockquote.default\">\n\t\t\t\t\t\t\t<blockquote class=\"elementor-blockquote\">\n\t\t\t<p class=\"elementor-blockquote__content\">\n\t\t\t\tLa violeta de genciana es tendencia en redes sociales como supuesto blanqueador dental casero por su color morado. Sin embargo, es un antis\u00e9ptico m\u00e9dico, no un producto cosm\u00e9tico, y puede provocar quemaduras en las enc\u00edas, manchas en el esmalte e irritaci\u00f3n grave de los tejidos bucales. No blanquea los dientes y no es segura para uso oral.\n\t\t\t<\/p>\n\t\t\t\t\t<\/blockquote>\n\t\t\t\t\t\t<\/div>\n\t\t\t\t\t<\/div>\n\t\t\t\t<\/div>\n\t\t<div class=\"elementor-element elementor-element-35da0c9 e-flex e-con-boxed e-con e-parent\" data-id=\"35da0c9\" data-element_type=\"container\" data-e-type=\"container\">\n\t\t\t\t\t<div class=\"e-con-inner\">\n\t\t<div class=\"elementor-element elementor-element-31c5b8b e-con-full e-flex e-con e-child\" data-id=\"31c5b8b\" data-element_type=\"container\" data-e-type=\"container\">\n\t\t\t\t<div class=\"elementor-element elementor-element-3b531ab elementor-widget elementor-widget-spacer\" data-id=\"3b531ab\" data-element_type=\"widget\" data-e-type=\"widget\" data-widget_type=\"spacer.default\">\n\t\t\t\t\t\t\t<div class=\"elementor-spacer\">\n\t\t\t<div class=\"elementor-spacer-inner\"><\/div>\n\t\t<\/div>\n\t\t\t\t\t\t<\/div>\n\t\t\t\t<\/div>\n\t\t\t\t\t<\/div>\n\t\t\t\t<\/div>\n\t\t<div class=\"elementor-element elementor-element-268a9d0 e-flex e-con-boxed e-con e-parent\" data-id=\"268a9d0\" data-element_type=\"container\" data-e-type=\"container\">\n\t\t\t\t\t<div class=\"e-con-inner\">\n\t\t\t\t<div class=\"elementor-element elementor-element-58d413c elementor-widget elementor-widget-text-editor\" data-id=\"58d413c\" data-element_type=\"widget\" data-e-type=\"widget\" data-widget_type=\"text-editor.default\">\n\t\t\t\t\t\t\t\t\t<p>Estamos en una \u00e9poca donde los trucos de belleza caseros se vuelven virales en un abrir y cerrar de ojos. Entre ellos la violeta de genciana ha surgido en redes como un supuesto \u201ccorrector de color\u201d para los dientes.<\/p><p>Sin embargo recuerda que no todo lo que brilla es oro, y no podemos creer en todo lo que vemos por internet; la realidad es que este producto no fue dise\u00f1ado para uso cosm\u00e9tico oral, sino como un antis\u00e9ptico.<\/p><p>Por esa raz\u00f3n, en este art\u00edculo te explicamos que es realmente la violeta de genciana, por qu\u00e9 se ha vuelto tan viral, y cu\u00e1les son los riesgos de usarla; adem\u00e1s, te ofrecemos mejores alternativas para lograr una sonrisa m\u00e1s blanca de forma segura.<\/p><h2>\u00bfQu\u00e9 es la violeta de genciana y para qu\u00e9 se utiliza realmente?<\/h2><p><img fetchpriority=\"high\" decoding=\"async\" class=\"aligncenter wp-image-101297 size-full\" src=\"https:\/\/worldofdentistry.org\/wp-content\/uploads\/2025\/07\/what-is-gentian-violet-and-what-is-it-used-for-68790c8b6441c.webp\" alt=\"What is gentian violet and what is it used for?\" width=\"600\" height=\"320\" title=\"\" srcset=\"https:\/\/worldofdentistry.org\/wp-content\/uploads\/2025\/07\/what-is-gentian-violet-and-what-is-it-used-for-68790c8b6441c.webp 600w, https:\/\/worldofdentistry.org\/wp-content\/uploads\/2025\/07\/what-is-gentian-violet-and-what-is-it-used-for-68790c8b6441c-300x160.webp 300w, https:\/\/worldofdentistry.org\/wp-content\/uploads\/2025\/07\/what-is-gentian-violet-and-what-is-it-used-for-68790c8b6441c-150x80.webp 150w\" sizes=\"(max-width: 600px) 100vw, 600px\" \/><\/p><p>La violeta de genciana es un tinte con propiedades antis\u00e9pticas que se utiliz\u00f3 por a\u00f1os para tratar infecciones, tanto f\u00fangicas (causadas por hongos) como bacterianas. Era com\u00fan aplicarla en heridas menores, <a href=\"https:\/\/worldofdentistry.org\/es\/aloe-vera-para-aliviar-las-ulceras-bucales\/\" target=\"_blank\">llagas bucales<\/a> y casos de <a href=\"https:\/\/worldofdentistry.org\/es\/candidiasis-oral-en-ninos-remedio-cuidado\/\" target=\"_blank\"><b>candidiasis<\/b><\/a>, especialmente en beb\u00e9s.<\/p><p>Sin embargo, su uso ha disminuido considerablemente debido a sus riesgos t\u00f3xicos y a la disponibilidad de tratamientos m\u00e1s seguros y eficaces.<\/p><h3>\u00bfPor qu\u00e9 se est\u00e1 usando la violeta de genciana para blanquear dientes?<\/h3><p>La tendencia surgi\u00f3 a partir de una idea tomada del mundo del cuidado capilar. En el c\u00edrculo crom\u00e1tico, el color morado est\u00e1 opuesto al amarillo, lo que se traduce en que puede <b>neutralizar los tonos amarillentos<\/b>. Por eso, los <b>shampoos violetas<\/b> se usan para matizar y mantener el color del cabello rubio o con canas.<\/p><p>Esa es la raz\u00f3n por la cu\u00e1l muchos creen que entonces en los dientes funciona igual, y que el violeta de genciana puede \u201ccorregir\u201d el color. Por eso lo aplican directamente sobre los dientes o lo mezclan con la pasta dental.<\/p><p>Sin embargo, estos m\u00e9todos suelen generar <b>resultados temporales y superficiales<\/b> que muchas veces est\u00e1n <b>manipulados con filtros<\/b> en redes sociales para aparentar un cambio real.<\/p><h2>\u00bfEs segura la violeta de genciana para los dientes?<\/h2><p><img decoding=\"async\" class=\"aligncenter wp-image-101302 size-full\" src=\"https:\/\/worldofdentistry.org\/wp-content\/uploads\/2025\/07\/is-gentian-violet-safe-for-teeth-68790c8a1613e.webp\" alt=\"Is gentian violet safe for teeth?\" width=\"600\" height=\"320\" title=\"\" srcset=\"https:\/\/worldofdentistry.org\/wp-content\/uploads\/2025\/07\/is-gentian-violet-safe-for-teeth-68790c8a1613e.webp 600w, https:\/\/worldofdentistry.org\/wp-content\/uploads\/2025\/07\/is-gentian-violet-safe-for-teeth-68790c8a1613e-300x160.webp 300w, https:\/\/worldofdentistry.org\/wp-content\/uploads\/2025\/07\/is-gentian-violet-safe-for-teeth-68790c8a1613e-150x80.webp 150w\" sizes=\"(max-width: 600px) 100vw, 600px\" \/><\/p><p>No. La violeta de genciana es un tinte qu\u00edmico potente que nunca fue formulado para estar en contacto con los tejidos bucales. Usarla en la boca puede provocar una serie de efectos secundarios graves, algunos de los cuales son irreversibles.<\/p><p>En estudios con animales, se ha asociado con posibles <b>efectos cancer\u00edgenos<\/b>, lo que ha llevado a que varios pa\u00edses limiten o desaconsejen su uso prolongado.<\/p><h3>\u00bfCu\u00e1les son los efectos secundarios reportados por su uso oral?<\/h3><p><img decoding=\"async\" class=\"aligncenter wp-image-101304 size-full\" src=\"https:\/\/worldofdentistry.org\/wp-content\/uploads\/2025\/07\/what-are-the-reported-side-effects-of-oral-use-68790c8b22504.webp\" alt=\"What are the reported side effects of oral use?\" width=\"600\" height=\"320\" title=\"\" srcset=\"https:\/\/worldofdentistry.org\/wp-content\/uploads\/2025\/07\/what-are-the-reported-side-effects-of-oral-use-68790c8b22504.webp 600w, https:\/\/worldofdentistry.org\/wp-content\/uploads\/2025\/07\/what-are-the-reported-side-effects-of-oral-use-68790c8b22504-300x160.webp 300w, https:\/\/worldofdentistry.org\/wp-content\/uploads\/2025\/07\/what-are-the-reported-side-effects-of-oral-use-68790c8b22504-150x80.webp 150w\" sizes=\"(max-width: 600px) 100vw, 600px\" \/><\/p><p>El uso de violeta de genciana en la boca ha generado efectos secundarios importantes, no se necesita usar demasiada ni un uso prolongado, con una sola aplicaci\u00f3n mal diluida o que no se enjuague correctamente puede haber molestias.<\/p><p>Usuarios y reportes m\u00e9dicos han documentado:<\/p><ul><li>Sensaci\u00f3n de ardor en enc\u00edas o mejillas internas<\/li><li>Inflamaci\u00f3n, sensibilidad o descamaci\u00f3n de los tejidos bucales<\/li><li>Manchas moradas dif\u00edciles de remover en el esmalte<\/li><li>Alteraciones del gusto o sensaci\u00f3n met\u00e1lica<\/li><li>N\u00e1useas por ingesti\u00f3n accidental<\/li><li><a href=\"https:\/\/worldofdentistry.org\/es\/consejos-para-reforzar-el-esmalte-dental\/\" target=\"_blank\">Desgaste o da\u00f1o progresivo del esmalte<\/a><\/li><li>En casos extremos, se han registrado complicaciones como <b>necrosis tisular<\/b> y obstrucci\u00f3n parcial de la v\u00eda a\u00e9rea (PMC).<\/li><\/ul><p>Los riesgos que representa la violeta de genciana para la salud bucal son muy superiores a cualquier supuesto beneficio est\u00e9tico temporal.<\/p><h3>\u00bfPuede ser peligrosa la violeta de genciana para los ni\u00f1os?<\/h3><p>S\u00ed. Los ni\u00f1os son especialmente vulnerables.<\/p><ul><li>La mucosa de los ni\u00f1os es m\u00e1s delicada, y adem\u00e1s de la irritaci\u00f3n oral y las quemaduras qu\u00edmicas, la ingesti\u00f3n accidental puede ser t\u00f3xica.<\/li><li>La violeta de genciana no est\u00e1 aprobada para uso dental pedi\u00e1trico y debe evitarse completamente en menores de 12 a\u00f1os.<\/li><\/ul><p>Los j\u00f3venes que imitan estas tendencias virales est\u00e1n en mayor riesgo por falta de supervisi\u00f3n o uso indebido del producto.<\/p><h2>\u00bfLa violeta de genciana realmente blanquea los dientes?<\/h2><p><img loading=\"lazy\" decoding=\"async\" class=\"aligncenter wp-image-101300 size-full\" src=\"https:\/\/worldofdentistry.org\/wp-content\/uploads\/2025\/07\/does-gentian-violet-actually-whiten-teeth-68790c8a5080b.webp\" alt=\"Does gentian violet actually whiten teeth?\" width=\"600\" height=\"320\" title=\"\" srcset=\"https:\/\/worldofdentistry.org\/wp-content\/uploads\/2025\/07\/does-gentian-violet-actually-whiten-teeth-68790c8a5080b.webp 600w, https:\/\/worldofdentistry.org\/wp-content\/uploads\/2025\/07\/does-gentian-violet-actually-whiten-teeth-68790c8a5080b-300x160.webp 300w, https:\/\/worldofdentistry.org\/wp-content\/uploads\/2025\/07\/does-gentian-violet-actually-whiten-teeth-68790c8a5080b-150x80.webp 150w\" sizes=\"(max-width: 600px) 100vw, 600px\" \/><\/p><p>La violeta de genciana ni blanquea, ni limpia el esmalte, ni elimina manchas de los dientes. El brillo aparente se debe a una ilusi\u00f3n \u00f3ptica del tinte morado que enmascara los tonos amarillos de los dientes.<\/p><p>Cuando el pigmento se desvanece o se elimina, los dientes vuelven a su estado original e incluso con manchas nuevas provocadas por el tinte.<\/p><h3>\u00bfQu\u00e9 alternativas son seguras y efectivas para blanquear los dientes?<\/h3><p>La opci\u00f3n m\u00e1s segura siempre ser\u00e1 un <a href=\"https:\/\/worldofdentistry.org\/es\/blanqueamiento-dental-profesional\/\" target=\"_blank\">blanqueamiento profesional<\/a>. Puedes asistir con tu dentista, \u00e9l evaluar\u00e1 tu caso espec\u00edfico y determinar\u00e1 la t\u00e9cnica de aclaramiento que mejor se adapte a tus necesidades.<\/p><p>Sin embargo, existen m\u00faltiples opciones en el mercado, avaladas por profesionales, que puedes usar:<\/p><ul><li><b>Pastas dentales blanqueadoras: <\/b><a href=\"https:\/\/amzn.to\/3IOU1Nr\" target=\"_blank\" rel=\"noopener\">Colgate Optic White<\/a>, <a href=\"https:\/\/amzn.to\/3TGwS2a\" target=\"_blank\" rel=\"noopener\">Crest 3D White<\/a>, <a href=\"https:\/\/amzn.to\/4eVLgNO\" target=\"_blank\" rel=\"noopener\">Sensodyne Clinical White<\/a>.<\/li><li><b>Kits de blanqueamiento caseros:<\/b> <a href=\"https:\/\/worldofdentistry.org\/es\/como-elegir-kit-de-blanqueamiento-dental\/\" target=\"_blank\">Kits LED<\/a> como MySmile o AuraGlow<\/li><li><b>Bandas blanqueadoras: <\/b><a href=\"https:\/\/amzn.to\/4f1bX3O\" target=\"_blank\" rel=\"noopener\">Crest Whitestrips<\/a>.<\/li><li><b>Opciones naturales: <\/b><a href=\"https:\/\/amzn.to\/4eYqmOb\" target=\"_blank\" rel=\"noopener\">Pastas a base de bicarbonato<\/a>, <a href=\"https:\/\/amzn.to\/44TeYOI\" target=\"_blank\" rel=\"noopener\">carb\u00f3n activado<\/a> o <a href=\"https:\/\/amzn.to\/46KtRWc\" target=\"_blank\" rel=\"noopener\">c\u00farcuma<\/a> (con aprobaci\u00f3n del dentista).<\/li><\/ul><h2>\u00bfQu\u00e9 hacer si ya usaste violeta de genciana en los dientes?<\/h2><p><img loading=\"lazy\" decoding=\"async\" class=\"aligncenter wp-image-101305 size-full\" src=\"https:\/\/worldofdentistry.org\/wp-content\/uploads\/2025\/07\/what-to-do-if-youve-already-used-gentian-violet-68790c8c207f1.webp\" alt=\"What to do if you\u2019ve already used gentian violet\" width=\"600\" height=\"320\" title=\"\" srcset=\"https:\/\/worldofdentistry.org\/wp-content\/uploads\/2025\/07\/what-to-do-if-youve-already-used-gentian-violet-68790c8c207f1.webp 600w, https:\/\/worldofdentistry.org\/wp-content\/uploads\/2025\/07\/what-to-do-if-youve-already-used-gentian-violet-68790c8c207f1-300x160.webp 300w, https:\/\/worldofdentistry.org\/wp-content\/uploads\/2025\/07\/what-to-do-if-youve-already-used-gentian-violet-68790c8c207f1-150x80.webp 150w\" sizes=\"(max-width: 600px) 100vw, 600px\" \/><\/p><p>No te alarmes, si ya usaste violeta de genciana en los dientes, te recomendamos:<\/p><ul><li>Suspender su uso inmediatamente<\/li><li>Enjuagar bien con agua o soluci\u00f3n salina<\/li><li>Evitar cepillarte con fuerza, ya que puede agravar la irritaci\u00f3n<\/li><li>Observar si hay s\u00edntomas como quemaduras, inflamaci\u00f3n o manchas moradas<\/li><li>Consultar con tu dentista si aparece alguna molestia o da\u00f1o en los tejidos<\/li><\/ul><h2>Habla con tu dentista antes de probar cualquier tendencia de blanqueamiento<\/h2><p>Tu sonrisa merece protecci\u00f3n. Antes de probar cualquier truco de belleza viral, especialmente si involucra un producto que nunca fue dise\u00f1ado para uso dental cosm\u00e9tico, t\u00f3mate un momento para consultar con un profesional.<\/p><p>Un odont\u00f3logo calificado puede evaluar el estado de tu esmalte, identificar la causa real de la decoloraci\u00f3n de tus dientes y recomendarte una soluci\u00f3n de blanqueamiento segura, eficaz y adaptada a tu sonrisa. <b>No dejes que una tendencia viral ponga en riesgo tu salud bucal.<\/b><\/p><p>Agenda una consulta con un profesional dental hoy mismo y explora las opciones de blanqueamiento que son seguras, probadas y adecuadas para ti.<\/p>\t\t\t\t\t\t\t\t<\/div>\n\t\t\t\t<div class=\"elementor-element elementor-element-aa0a8ba elementor-widget elementor-widget-spacer\" data-id=\"aa0a8ba\" data-element_type=\"widget\" data-e-type=\"widget\" data-widget_type=\"spacer.default\">\n\t\t\t\t\t\t\t<div class=\"elementor-spacer\">\n\t\t\t<div class=\"elementor-spacer-inner\"><\/div>\n\t\t<\/div>\n\t\t\t\t\t\t<\/div>\n\t\t\t\t\t<\/div>\n\t\t\t\t<\/div>\n\t\t<div class=\"elementor-element elementor-element-087d3ab e-flex e-con-boxed e-con e-parent\" data-id=\"087d3ab\" data-element_type=\"container\" data-e-type=\"container\">\n\t\t\t\t\t<div class=\"e-con-inner\">\n\t\t\t\t<div class=\"elementor-element elementor-element-3e20b59 elementor-widget elementor-widget-heading\" data-id=\"3e20b59\" data-element_type=\"widget\" data-e-type=\"widget\" data-widget_type=\"heading.default\">\n\t\t\t\t\t<h2 class=\"elementor-heading-title elementor-size-default\">Preguntas frecuentes<\/h2>\t\t\t\t<\/div>\n\t\t\t\t<div class=\"elementor-element elementor-element-d66cafc elementor-widget elementor-widget-n-accordion\" data-id=\"d66cafc\" data-element_type=\"widget\" data-e-type=\"widget\" data-settings=\"{&quot;default_state&quot;:&quot;expanded&quot;,&quot;max_items_expended&quot;:&quot;one&quot;,&quot;n_accordion_animation_duration&quot;:{&quot;unit&quot;:&quot;ms&quot;,&quot;size&quot;:400,&quot;sizes&quot;:[]}}\" data-widget_type=\"nested-accordion.default\">\n\t\t\t\t\t\t\t<div class=\"e-n-accordion\" aria-label=\"Accordion. Open links with Enter or Space, close with Escape, and navigate with Arrow Keys\">\n\t\t\t\t\t\t<details id=\"e-n-accordion-item-2240\" class=\"e-n-accordion-item\" open>\n\t\t\t\t<summary class=\"e-n-accordion-item-title\" data-accordion-index=\"1\" tabindex=\"0\" aria-expanded=\"true\" aria-controls=\"e-n-accordion-item-2240\" >\n\t\t\t\t\t<span class='e-n-accordion-item-title-header'><h3 class=\"e-n-accordion-item-title-text\"> \u00bfEs segura la violeta de genciana para los dientes y las enc\u00edas? <\/h3><\/span>\n\t\t\t\t\t\t\t<span class='e-n-accordion-item-title-icon'>\n\t\t\t<span class='e-opened' ><svg aria-hidden=\"true\" class=\"e-font-icon-svg e-fas-minus\" viewBox=\"0 0 448 512\" xmlns=\"http:\/\/www.w3.org\/2000\/svg\"><path d=\"M416 208H32c-17.67 0-32 14.33-32 32v32c0 17.67 14.33 32 32 32h384c17.67 0 32-14.33 32-32v-32c0-17.67-14.33-32-32-32z\"><\/path><\/svg><\/span>\n\t\t\t<span class='e-closed'><svg aria-hidden=\"true\" class=\"e-font-icon-svg e-fas-plus\" viewBox=\"0 0 448 512\" xmlns=\"http:\/\/www.w3.org\/2000\/svg\"><path d=\"M416 208H272V64c0-17.67-14.33-32-32-32h-32c-17.67 0-32 14.33-32 32v144H32c-17.67 0-32 14.33-32 32v32c0 17.67 14.33 32 32 32h144v144c0 17.67 14.33 32 32 32h32c17.67 0 32-14.33 32-32V304h144c17.67 0 32-14.33 32-32v-32c0-17.67-14.33-32-32-32z\"><\/path><\/svg><\/span>\n\t\t<\/span>\n\n\t\t\t\t\t\t<\/summary>\n\t\t\t\t<div role=\"region\" aria-labelledby=\"e-n-accordion-item-2240\" class=\"elementor-element elementor-element-b95320a e-con-full e-flex e-con e-child\" data-id=\"b95320a\" data-element_type=\"container\" data-e-type=\"container\">\n\t\t\t\t<div class=\"elementor-element elementor-element-e2319d1 elementor-widget elementor-widget-text-editor\" data-id=\"e2319d1\" data-element_type=\"widget\" data-e-type=\"widget\" data-widget_type=\"text-editor.default\">\n\t\t\t\t\t\t\t\t\t<span style=\"font-weight: 400; color: #000000;\">No. Este producto fue dise\u00f1ado como antis\u00e9ptico, no para uso cosm\u00e9tico oral. Puede causar irritaci\u00f3n, quemaduras, \u00falceras, manchas permanentes y, en casos graves, da\u00f1o en el esmalte o en los tejidos blandos de la boca.\n<\/span>\t\t\t\t\t\t\t\t<\/div>\n\t\t\t\t<\/div>\n\t\t\t\t\t<\/details>\n\t\t\t\t\t\t<details id=\"e-n-accordion-item-2241\" class=\"e-n-accordion-item\" >\n\t\t\t\t<summary class=\"e-n-accordion-item-title\" data-accordion-index=\"2\" tabindex=\"-1\" aria-expanded=\"false\" aria-controls=\"e-n-accordion-item-2241\" >\n\t\t\t\t\t<span class='e-n-accordion-item-title-header'><h3 class=\"e-n-accordion-item-title-text\"> \u00bfQu\u00e9 pasa si me trago violeta de genciana por accidente? <\/h3><\/span>\n\t\t\t\t\t\t\t<span class='e-n-accordion-item-title-icon'>\n\t\t\t<span class='e-opened' ><svg aria-hidden=\"true\" class=\"e-font-icon-svg e-fas-minus\" viewBox=\"0 0 448 512\" xmlns=\"http:\/\/www.w3.org\/2000\/svg\"><path d=\"M416 208H32c-17.67 0-32 14.33-32 32v32c0 17.67 14.33 32 32 32h384c17.67 0 32-14.33 32-32v-32c0-17.67-14.33-32-32-32z\"><\/path><\/svg><\/span>\n\t\t\t<span class='e-closed'><svg aria-hidden=\"true\" class=\"e-font-icon-svg e-fas-plus\" viewBox=\"0 0 448 512\" xmlns=\"http:\/\/www.w3.org\/2000\/svg\"><path d=\"M416 208H272V64c0-17.67-14.33-32-32-32h-32c-17.67 0-32 14.33-32 32v144H32c-17.67 0-32 14.33-32 32v32c0 17.67 14.33 32 32 32h144v144c0 17.67 14.33 32 32 32h32c17.67 0 32-14.33 32-32V304h144c17.67 0 32-14.33 32-32v-32c0-17.67-14.33-32-32-32z\"><\/path><\/svg><\/span>\n\t\t<\/span>\n\n\t\t\t\t\t\t<\/summary>\n\t\t\t\t<div role=\"region\" aria-labelledby=\"e-n-accordion-item-2241\" class=\"elementor-element elementor-element-3af5c4c e-con-full e-flex e-con e-child\" data-id=\"3af5c4c\" data-element_type=\"container\" data-e-type=\"container\">\n\t\t\t\t<div class=\"elementor-element elementor-element-6115517 elementor-widget elementor-widget-text-editor\" data-id=\"6115517\" data-element_type=\"widget\" data-e-type=\"widget\" data-widget_type=\"text-editor.default\">\n\t\t\t\t\t\t\t\t\t<span style=\"font-weight: 400; color: #000000;\">La ingesti\u00f3n puede provocar n\u00e1useas, dolor estomacal, alteraci\u00f3n del gusto o reacciones m\u00e1s graves si la cantidad es significativa. En ni\u00f1os, incluso peque\u00f1as cantidades pueden ser t\u00f3xicas. Se recomienda acudir a un profesional de salud de inmediato.\n<\/span>\t\t\t\t\t\t\t\t<\/div>\n\t\t\t\t<\/div>\n\t\t\t\t\t<\/details>\n\t\t\t\t\t\t<details id=\"e-n-accordion-item-2242\" class=\"e-n-accordion-item\" >\n\t\t\t\t<summary class=\"e-n-accordion-item-title\" data-accordion-index=\"3\" tabindex=\"-1\" aria-expanded=\"false\" aria-controls=\"e-n-accordion-item-2242\" >\n\t\t\t\t\t<span class='e-n-accordion-item-title-header'><h3 class=\"e-n-accordion-item-title-text\"> \u00bfEs cierto que su uso se relaciona con riesgo de c\u00e1ncer? <\/h3><\/span>\n\t\t\t\t\t\t\t<span class='e-n-accordion-item-title-icon'>\n\t\t\t<span class='e-opened' ><svg aria-hidden=\"true\" class=\"e-font-icon-svg e-fas-minus\" viewBox=\"0 0 448 512\" xmlns=\"http:\/\/www.w3.org\/2000\/svg\"><path d=\"M416 208H32c-17.67 0-32 14.33-32 32v32c0 17.67 14.33 32 32 32h384c17.67 0 32-14.33 32-32v-32c0-17.67-14.33-32-32-32z\"><\/path><\/svg><\/span>\n\t\t\t<span class='e-closed'><svg aria-hidden=\"true\" class=\"e-font-icon-svg e-fas-plus\" viewBox=\"0 0 448 512\" xmlns=\"http:\/\/www.w3.org\/2000\/svg\"><path d=\"M416 208H272V64c0-17.67-14.33-32-32-32h-32c-17.67 0-32 14.33-32 32v144H32c-17.67 0-32 14.33-32 32v32c0 17.67 14.33 32 32 32h144v144c0 17.67 14.33 32 32 32h32c17.67 0 32-14.33 32-32V304h144c17.67 0 32-14.33 32-32v-32c0-17.67-14.33-32-32-32z\"><\/path><\/svg><\/span>\n\t\t<\/span>\n\n\t\t\t\t\t\t<\/summary>\n\t\t\t\t<div role=\"region\" aria-labelledby=\"e-n-accordion-item-2242\" class=\"elementor-element elementor-element-684cf46 e-con-full e-flex e-con e-child\" data-id=\"684cf46\" data-element_type=\"container\" data-e-type=\"container\">\n\t\t\t\t<div class=\"elementor-element elementor-element-a5fa7f5 elementor-widget elementor-widget-text-editor\" data-id=\"a5fa7f5\" data-element_type=\"widget\" data-e-type=\"widget\" data-widget_type=\"text-editor.default\">\n\t\t\t\t\t\t\t\t\t<span style=\"font-weight: 400; color: #000000;\">S\u00ed. En estudios con animales, la exposici\u00f3n prolongada a gentian violet se ha asociado con efectos carcin\u00f3genos. Por esta raz\u00f3n, su uso est\u00e1 restringido en muchos pa\u00edses y no se recomienda en mucosas como la boca.\n<\/span>\t\t\t\t\t\t\t\t<\/div>\n\t\t\t\t<\/div>\n\t\t\t\t\t<\/details>\n\t\t\t\t\t\t<details id=\"e-n-accordion-item-2243\" class=\"e-n-accordion-item\" >\n\t\t\t\t<summary class=\"e-n-accordion-item-title\" data-accordion-index=\"4\" tabindex=\"-1\" aria-expanded=\"false\" aria-controls=\"e-n-accordion-item-2243\" >\n\t\t\t\t\t<span class='e-n-accordion-item-title-header'><h3 class=\"e-n-accordion-item-title-text\"> \u00bfPor qu\u00e9 se ha vuelto popular para blanquear dientes? <\/h3><\/span>\n\t\t\t\t\t\t\t<span class='e-n-accordion-item-title-icon'>\n\t\t\t<span class='e-opened' ><svg aria-hidden=\"true\" class=\"e-font-icon-svg e-fas-minus\" viewBox=\"0 0 448 512\" xmlns=\"http:\/\/www.w3.org\/2000\/svg\"><path d=\"M416 208H32c-17.67 0-32 14.33-32 32v32c0 17.67 14.33 32 32 32h384c17.67 0 32-14.33 32-32v-32c0-17.67-14.33-32-32-32z\"><\/path><\/svg><\/span>\n\t\t\t<span class='e-closed'><svg aria-hidden=\"true\" class=\"e-font-icon-svg e-fas-plus\" viewBox=\"0 0 448 512\" xmlns=\"http:\/\/www.w3.org\/2000\/svg\"><path d=\"M416 208H272V64c0-17.67-14.33-32-32-32h-32c-17.67 0-32 14.33-32 32v144H32c-17.67 0-32 14.33-32 32v32c0 17.67 14.33 32 32 32h144v144c0 17.67 14.33 32 32 32h32c17.67 0 32-14.33 32-32V304h144c17.67 0 32-14.33 32-32v-32c0-17.67-14.33-32-32-32z\"><\/path><\/svg><\/span>\n\t\t<\/span>\n\n\t\t\t\t\t\t<\/summary>\n\t\t\t\t<div role=\"region\" aria-labelledby=\"e-n-accordion-item-2243\" class=\"elementor-element elementor-element-3e9b43e e-flex e-con-boxed e-con e-child\" data-id=\"3e9b43e\" data-element_type=\"container\" data-e-type=\"container\">\n\t\t\t\t\t<div class=\"e-con-inner\">\n\t\t\t\t<div class=\"elementor-element elementor-element-4dcaa9a elementor-widget elementor-widget-text-editor\" data-id=\"4dcaa9a\" data-element_type=\"widget\" data-e-type=\"widget\" data-widget_type=\"text-editor.default\">\n\t\t\t\t\t\t\t\t\t<span style=\"font-weight: 400; color: #000000;\">Por videos virales en TikTok y YouTube. Influencers la usan como si fuera un \u201ccorrector de color\u201d, similar al shampoo violeta para el cabello, sin entender que su aplicaci\u00f3n en dientes no tiene respaldo cient\u00edfico y es riesgosa.\n<\/span>\t\t\t\t\t\t\t\t<\/div>\n\t\t\t\t\t<\/div>\n\t\t\t\t<\/div>\n\t\t\t\t\t<\/details>\n\t\t\t\t\t\t<details id=\"e-n-accordion-item-2244\" class=\"e-n-accordion-item\" >\n\t\t\t\t<summary class=\"e-n-accordion-item-title\" data-accordion-index=\"5\" tabindex=\"-1\" aria-expanded=\"false\" aria-controls=\"e-n-accordion-item-2244\" >\n\t\t\t\t\t<span class='e-n-accordion-item-title-header'><h3 class=\"e-n-accordion-item-title-text\"> \u00bfEl blanqueamiento profesional es mejor que el casero? <\/h3><\/span>\n\t\t\t\t\t\t\t<span class='e-n-accordion-item-title-icon'>\n\t\t\t<span class='e-opened' ><svg aria-hidden=\"true\" class=\"e-font-icon-svg e-fas-minus\" viewBox=\"0 0 448 512\" xmlns=\"http:\/\/www.w3.org\/2000\/svg\"><path d=\"M416 208H32c-17.67 0-32 14.33-32 32v32c0 17.67 14.33 32 32 32h384c17.67 0 32-14.33 32-32v-32c0-17.67-14.33-32-32-32z\"><\/path><\/svg><\/span>\n\t\t\t<span class='e-closed'><svg aria-hidden=\"true\" class=\"e-font-icon-svg e-fas-plus\" viewBox=\"0 0 448 512\" xmlns=\"http:\/\/www.w3.org\/2000\/svg\"><path d=\"M416 208H272V64c0-17.67-14.33-32-32-32h-32c-17.67 0-32 14.33-32 32v144H32c-17.67 0-32 14.33-32 32v32c0 17.67 14.33 32 32 32h144v144c0 17.67 14.33 32 32 32h32c17.67 0 32-14.33 32-32V304h144c17.67 0 32-14.33 32-32v-32c0-17.67-14.33-32-32-32z\"><\/path><\/svg><\/span>\n\t\t<\/span>\n\n\t\t\t\t\t\t<\/summary>\n\t\t\t\t<div role=\"region\" aria-labelledby=\"e-n-accordion-item-2244\" class=\"elementor-element elementor-element-40b40c6 e-flex e-con-boxed e-con e-child\" data-id=\"40b40c6\" data-element_type=\"container\" data-e-type=\"container\">\n\t\t\t\t\t<div class=\"e-con-inner\">\n\t\t\t\t<div class=\"elementor-element elementor-element-58e13ca elementor-widget elementor-widget-text-editor\" data-id=\"58e13ca\" data-element_type=\"widget\" data-e-type=\"widget\" data-widget_type=\"text-editor.default\">\n\t\t\t\t\t\t\t\t\t<span style=\"font-weight: 400; color: #000000;\">S\u00ed. Es m\u00e1s r\u00e1pido, seguro y efectivo. Se realiza bajo supervisi\u00f3n en consultorio con geles de alta concentraci\u00f3n, protegiendo las enc\u00edas y controlando el proceso.\n<\/span>\t\t\t\t\t\t\t\t<\/div>\n\t\t\t\t\t<\/div>\n\t\t\t\t<\/div>\n\t\t\t\t\t<\/details>\n\t\t\t\t\t<\/div>\n\t\t\t\t\t<script type=\"application\/ld+json\">{\"@context\":\"https:\\\/\\\/schema.org\",\"@type\":\"FAQPage\",\"mainEntity\":[{\"@type\":\"Question\",\"name\":\"\\u00bfEs segura la violeta de genciana para los dientes y las enc\\u00edas?\",\"acceptedAnswer\":{\"@type\":\"Answer\",\"text\":\"No. Este producto fue dise\\u00f1ado como antis\\u00e9ptico, no para uso cosm\\u00e9tico oral. Puede causar irritaci\\u00f3n, quemaduras, \\u00falceras, manchas permanentes y, en casos graves, da\\u00f1o en el esmalte o en los tejidos blandos de la boca.\"}},{\"@type\":\"Question\",\"name\":\"\\u00bfQu\\u00e9 pasa si me trago violeta de genciana por accidente?\",\"acceptedAnswer\":{\"@type\":\"Answer\",\"text\":\"La ingesti\\u00f3n puede provocar n\\u00e1useas, dolor estomacal, alteraci\\u00f3n del gusto o reacciones m\\u00e1s graves si la cantidad es significativa. En ni\\u00f1os, incluso peque\\u00f1as cantidades pueden ser t\\u00f3xicas. Se recomienda acudir a un profesional de salud de inmediato.\"}},{\"@type\":\"Question\",\"name\":\"\\u00bfEs cierto que su uso se relaciona con riesgo de c\\u00e1ncer?\",\"acceptedAnswer\":{\"@type\":\"Answer\",\"text\":\"S\\u00ed. En estudios con animales, la exposici\\u00f3n prolongada a gentian violet se ha asociado con efectos carcin\\u00f3genos. Por esta raz\\u00f3n, su uso est\\u00e1 restringido en muchos pa\\u00edses y no se recomienda en mucosas como la boca.\"}},{\"@type\":\"Question\",\"name\":\"\\u00bfPor qu\\u00e9 se ha vuelto popular para blanquear dientes?\",\"acceptedAnswer\":{\"@type\":\"Answer\",\"text\":\"Por videos virales en TikTok y YouTube. Influencers la usan como si fuera un \\u201ccorrector de color\\u201d, similar al shampoo violeta para el cabello, sin entender que su aplicaci\\u00f3n en dientes no tiene respaldo cient\\u00edfico y es riesgosa.\"}},{\"@type\":\"Question\",\"name\":\"\\u00bfEl blanqueamiento profesional es mejor que el casero?\",\"acceptedAnswer\":{\"@type\":\"Answer\",\"text\":\"S\\u00ed. Es m\\u00e1s r\\u00e1pido, seguro y efectivo. Se realiza bajo supervisi\\u00f3n en consultorio con geles de alta concentraci\\u00f3n, protegiendo las enc\\u00edas y controlando el proceso.\"}}]}<\/script>\n\t\t\t\t\t\t\t<\/div>\n\t\t\t\t<div class=\"elementor-element elementor-element-8c58a72 elementor-widget elementor-widget-image-box\" data-id=\"8c58a72\" data-element_type=\"widget\" data-e-type=\"widget\" data-widget_type=\"image-box.default\">\n\t\t\t\t\t<div class=\"elementor-image-box-wrapper\"><div class=\"elementor-image-box-content\"><p class=\"elementor-image-box-title\"><strong>\u00bfLa violeta de genciana sirve para blanquear los dientes?<\/strong><\/p><p class=\"elementor-image-box-description\">No, la violeta de genciana no blanquea los dientes. Solo cubre el color amarillo de forma temporal, pero no elimina manchas ni aclara el esmalte. Adem\u00e1s, puede causar da\u00f1os graves en la boca.\n<\/p><\/div><\/div>\t\t\t\t<\/div>\n\t\t\t\t<div class=\"elementor-element elementor-element-ca4dde3 elementor-widget elementor-widget-image-box\" data-id=\"ca4dde3\" data-element_type=\"widget\" data-e-type=\"widget\" data-widget_type=\"image-box.default\">\n\t\t\t\t\t<div class=\"elementor-image-box-wrapper\"><div class=\"elementor-image-box-content\"><p class=\"elementor-image-box-title\"><strong>\u00bfQu\u00e9 hago si ya us\u00e9 violeta de genciana en mis dientes?<\/strong><\/p><p class=\"elementor-image-box-description\">Suspende su uso de inmediato, enju\u00e1gate con agua o suero, evita cepillarte con fuerza y consulta a tu odont\u00f3logo si tienes ardor, manchas o cualquier molestia en la boca.\n<\/p><\/div><\/div>\t\t\t\t<\/div>\n\t\t\t\t<div class=\"elementor-element elementor-element-0639de8 elementor-widget elementor-widget-image-box\" data-id=\"0639de8\" data-element_type=\"widget\" data-e-type=\"widget\" data-widget_type=\"image-box.default\">\n\t\t\t\t\t<div class=\"elementor-image-box-wrapper\"><div class=\"elementor-image-box-content\"><p class=\"elementor-image-box-title\"><strong>\u00bfCu\u00e1nto dura un blanqueamiento dental?<\/strong><\/p><p class=\"elementor-image-box-description\">Depende del cuidado que tengas. Puede durar entre 6 meses y 2 a\u00f1os si evitas el caf\u00e9, el cigarrillo y mantienes una buena higiene bucal.\n<\/p><\/div><\/div>\t\t\t\t<\/div>\n\t\t\t\t\t<\/div>\n\t\t\t\t<\/div>\n\t\t<div class=\"elementor-element elementor-element-1d0e5b9 e-flex e-con-boxed e-con e-parent\" data-id=\"1d0e5b9\" data-element_type=\"container\" data-e-type=\"container\">\n\t\t\t\t\t<div class=\"e-con-inner\">\n\t\t<div class=\"elementor-element elementor-element-c041277 e-con-full e-flex e-con e-child\" data-id=\"c041277\" data-element_type=\"container\" data-e-type=\"container\">\n\t\t\t\t<div class=\"elementor-element elementor-element-236dabf elementor-widget elementor-widget-text-editor\" data-id=\"236dabf\" data-element_type=\"widget\" data-e-type=\"widget\" data-widget_type=\"text-editor.default\">\n\t\t\t\t\t\t\t\t\t<p><strong><span style=\"color: #000000;\">Share<\/span><\/strong><\/p>\t\t\t\t\t\t\t\t<\/div>\n\t\t\t\t<\/div>\n\t\t<div class=\"elementor-element elementor-element-edf83e1 e-con-full e-flex e-con e-child\" data-id=\"edf83e1\" data-element_type=\"container\" data-e-type=\"container\">\n\t\t\t\t<div class=\"elementor-element elementor-element-2c53abc elementor-share-buttons--view-icon elementor-share-buttons--skin-flat elementor-share-buttons--shape-circle elementor-grid-0 elementor-share-buttons--color-official elementor-widget elementor-widget-share-buttons\" data-id=\"2c53abc\" data-element_type=\"widget\" data-e-type=\"widget\" data-widget_type=\"share-buttons.default\">\n\t\t\t\t\t\t\t<div class=\"elementor-grid\" role=\"list\">\n\t\t\t\t\t\t\t\t<div class=\"elementor-grid-item\" role=\"listitem\">\n\t\t\t\t\t\t<div class=\"elementor-share-btn elementor-share-btn_facebook\" role=\"button\" tabindex=\"0\" aria-label=\"Compartir en facebook\">\n\t\t\t\t\t\t\t\t\t\t\t\t\t\t\t<span class=\"elementor-share-btn__icon\">\n\t\t\t\t\t\t\t\t<svg aria-hidden=\"true\" class=\"e-font-icon-svg e-fab-facebook\" viewBox=\"0 0 512 512\" xmlns=\"http:\/\/www.w3.org\/2000\/svg\"><path d=\"M504 256C504 119 393 8 256 8S8 119 8 256c0 123.78 90.69 226.38 209.25 245V327.69h-63V256h63v-54.64c0-62.15 37-96.48 93.67-96.48 27.14 0 55.52 4.84 55.52 4.84v61h-31.28c-30.8 0-40.41 19.12-40.41 38.73V256h68.78l-11 71.69h-57.78V501C413.31 482.38 504 379.78 504 256z\"><\/path><\/svg>\t\t\t\t\t\t\t<\/span>\n\t\t\t\t\t\t\t\t\t\t\t\t\t\t\t\t\t\t\t\t<\/div>\n\t\t\t\t\t<\/div>\n\t\t\t\t\t\t\t\t\t<div class=\"elementor-grid-item\" role=\"listitem\">\n\t\t\t\t\t\t<div class=\"elementor-share-btn elementor-share-btn_twitter\" role=\"button\" tabindex=\"0\" aria-label=\"Compartir en twitter\">\n\t\t\t\t\t\t\t\t\t\t\t\t\t\t\t<span class=\"elementor-share-btn__icon\">\n\t\t\t\t\t\t\t\t<svg aria-hidden=\"true\" class=\"e-font-icon-svg e-fab-twitter\" viewBox=\"0 0 512 512\" xmlns=\"http:\/\/www.w3.org\/2000\/svg\"><path d=\"M459.37 151.716c.325 4.548.325 9.097.325 13.645 0 138.72-105.583 298.558-298.558 298.558-59.452 0-114.68-17.219-161.137-47.106 8.447.974 16.568 1.299 25.34 1.299 49.055 0 94.213-16.568 130.274-44.832-46.132-.975-84.792-31.188-98.112-72.772 6.498.974 12.995 1.624 19.818 1.624 9.421 0 18.843-1.3 27.614-3.573-48.081-9.747-84.143-51.98-84.143-102.985v-1.299c13.969 7.797 30.214 12.67 47.431 13.319-28.264-18.843-46.781-51.005-46.781-87.391 0-19.492 5.197-37.36 14.294-52.954 51.655 63.675 129.3 105.258 216.365 109.807-1.624-7.797-2.599-15.918-2.599-24.04 0-57.828 46.782-104.934 104.934-104.934 30.213 0 57.502 12.67 76.67 33.137 23.715-4.548 46.456-13.32 66.599-25.34-7.798 24.366-24.366 44.833-46.132 57.827 21.117-2.273 41.584-8.122 60.426-16.243-14.292 20.791-32.161 39.308-52.628 54.253z\"><\/path><\/svg>\t\t\t\t\t\t\t<\/span>\n\t\t\t\t\t\t\t\t\t\t\t\t\t\t\t\t\t\t\t\t<\/div>\n\t\t\t\t\t<\/div>\n\t\t\t\t\t\t\t\t\t<div class=\"elementor-grid-item\" role=\"listitem\">\n\t\t\t\t\t\t<div class=\"elementor-share-btn elementor-share-btn_linkedin\" role=\"button\" tabindex=\"0\" aria-label=\"Compartir en linkedin\">\n\t\t\t\t\t\t\t\t\t\t\t\t\t\t\t<span class=\"elementor-share-btn__icon\">\n\t\t\t\t\t\t\t\t<svg aria-hidden=\"true\" class=\"e-font-icon-svg e-fab-linkedin\" viewBox=\"0 0 448 512\" xmlns=\"http:\/\/www.w3.org\/2000\/svg\"><path d=\"M416 32H31.9C14.3 32 0 46.5 0 64.3v383.4C0 465.5 14.3 480 31.9 480H416c17.6 0 32-14.5 32-32.3V64.3c0-17.8-14.4-32.3-32-32.3zM135.4 416H69V202.2h66.5V416zm-33.2-243c-21.3 0-38.5-17.3-38.5-38.5S80.9 96 102.2 96c21.2 0 38.5 17.3 38.5 38.5 0 21.3-17.2 38.5-38.5 38.5zm282.1 243h-66.4V312c0-24.8-.5-56.7-34.5-56.7-34.6 0-39.9 27-39.9 54.9V416h-66.4V202.2h63.7v29.2h.9c8.9-16.8 30.6-34.5 62.9-34.5 67.2 0 79.7 44.3 79.7 101.9V416z\"><\/path><\/svg>\t\t\t\t\t\t\t<\/span>\n\t\t\t\t\t\t\t\t\t\t\t\t\t\t\t\t\t\t\t\t<\/div>\n\t\t\t\t\t<\/div>\n\t\t\t\t\t\t\t\t\t<div class=\"elementor-grid-item\" role=\"listitem\">\n\t\t\t\t\t\t<div class=\"elementor-share-btn elementor-share-btn_email\" role=\"button\" tabindex=\"0\" aria-label=\"Compartir en email\">\n\t\t\t\t\t\t\t\t\t\t\t\t\t\t\t<span class=\"elementor-share-btn__icon\">\n\t\t\t\t\t\t\t\t<svg aria-hidden=\"true\" class=\"e-font-icon-svg e-fas-envelope\" viewBox=\"0 0 512 512\" xmlns=\"http:\/\/www.w3.org\/2000\/svg\"><path d=\"M502.3 190.8c3.9-3.1 9.7-.2 9.7 4.7V400c0 26.5-21.5 48-48 48H48c-26.5 0-48-21.5-48-48V195.6c0-5 5.7-7.8 9.7-4.7 22.4 17.4 52.1 39.5 154.1 113.6 21.1 15.4 56.7 47.8 92.2 47.6 35.7.3 72-32.8 92.3-47.6 102-74.1 131.6-96.3 154-113.7zM256 320c23.2.4 56.6-29.2 73.4-41.4 132.7-96.3 142.8-104.7 173.4-128.7 5.8-4.5 9.2-11.5 9.2-18.9v-19c0-26.5-21.5-48-48-48H48C21.5 64 0 85.5 0 112v19c0 7.4 3.4 14.3 9.2 18.9 30.6 23.9 40.7 32.4 173.4 128.7 16.8 12.2 50.2 41.8 73.4 41.4z\"><\/path><\/svg>\t\t\t\t\t\t\t<\/span>\n\t\t\t\t\t\t\t\t\t\t\t\t\t\t\t\t\t\t\t\t<\/div>\n\t\t\t\t\t<\/div>\n\t\t\t\t\t\t\t\t\t<div class=\"elementor-grid-item\" role=\"listitem\">\n\t\t\t\t\t\t<div class=\"elementor-share-btn elementor-share-btn_print\" role=\"button\" tabindex=\"0\" aria-label=\"Compartir en print\">\n\t\t\t\t\t\t\t\t\t\t\t\t\t\t\t<span class=\"elementor-share-btn__icon\">\n\t\t\t\t\t\t\t\t<svg aria-hidden=\"true\" class=\"e-font-icon-svg e-fas-print\" viewBox=\"0 0 512 512\" xmlns=\"http:\/\/www.w3.org\/2000\/svg\"><path d=\"M448 192V77.25c0-8.49-3.37-16.62-9.37-22.63L393.37 9.37c-6-6-14.14-9.37-22.63-9.37H96C78.33 0 64 14.33 64 32v160c-35.35 0-64 28.65-64 64v112c0 8.84 7.16 16 16 16h48v96c0 17.67 14.33 32 32 32h320c17.67 0 32-14.33 32-32v-96h48c8.84 0 16-7.16 16-16V256c0-35.35-28.65-64-64-64zm-64 256H128v-96h256v96zm0-224H128V64h192v48c0 8.84 7.16 16 16 16h48v96zm48 72c-13.25 0-24-10.75-24-24 0-13.26 10.75-24 24-24s24 10.74 24 24c0 13.25-10.75 24-24 24z\"><\/path><\/svg>\t\t\t\t\t\t\t<\/span>\n\t\t\t\t\t\t\t\t\t\t\t\t\t\t\t\t\t\t\t\t<\/div>\n\t\t\t\t\t<\/div>\n\t\t\t\t\t\t<\/div>\n\t\t\t\t\t\t<\/div>\n\t\t\t\t<\/div>\n\t\t\t\t\t<\/div>\n\t\t\t\t<\/div>\n\t\t<div class=\"elementor-element elementor-element-b4d41d2 e-flex e-con-boxed e-con e-parent\" data-id=\"b4d41d2\" data-element_type=\"container\" data-e-type=\"container\">\n\t\t\t\t\t<div class=\"e-con-inner\">\n\t\t\t\t<div class=\"elementor-element elementor-element-04985b7 elementor-widget elementor-widget-text-editor\" data-id=\"04985b7\" data-element_type=\"widget\" data-e-type=\"widget\" data-widget_type=\"text-editor.default\">\n\t\t\t\t\t\t\t\t\t<h2><span style=\"color: #000000;\">References<\/span><\/h2><p><span style=\"color: #000000;\"><span style=\"font-weight: 400;\">1. Bottaro, A. (2024, January 30). Can you use Gentian Violet for thrush? Verywell Health. <\/span><strong><span style=\"color: #0000ff;\"><a style=\"color: #0000ff;\" href=\"https:\/\/www.verywellhealth.com\/gentian-violet-for-thrush-5182450\" target=\"_blank\" rel=\"noopener\">https:\/\/www.verywellhealth.com\/gentian-violet-for-thrush-5182450<\/a>\u00a0<\/span><\/strong><\/span><\/p><p><span style=\"color: #000000;\"><span style=\"font-weight: 400;\">2. Boras, V. V., Brailo, V., Rogulj, A. A., Juras, D. V., Gabric, D., &amp; Vrdoljak, D. V. (2019). Corrigendum to \u201cOral Adverse Reactions Caused by Over-the-Counter Oral Agents.\u201d Case Reports in Dentistry, 2019, 1. <\/span><strong><span style=\"color: #0000ff;\"><a style=\"color: #0000ff;\" href=\"https:\/\/doi.org\/10.1155\/2019\/2816785\" target=\"_blank\" rel=\"noopener\">https:\/\/doi.org\/10.1155\/2019\/2816785<\/a>\u00a0<\/span><\/strong><\/span><\/p><p><span style=\"color: #000000;\"><span style=\"font-weight: 400;\">3. Maley, A. M., &amp; Arbiser, J. L. (2013). Gentian Violet: a 19th century drug re\u2010emerges in the 21st century. Experimental Dermatology, 22(12), 775\u2013780. <\/span><strong><span style=\"color: #0000ff;\"><a style=\"color: #0000ff;\" href=\"https:\/\/doi.org\/10.1111\/exd.12257\" target=\"_blank\" rel=\"noopener\">https:\/\/doi.org\/10.1111\/exd.12257<\/a>\u00a0<\/span><\/strong><\/span><\/p><p><span style=\"color: #000000;\"><span style=\"font-weight: 400;\">4. McIntyre, C. (2025, June 13). Gentian Violet &#8211; Uses, Side\u00ad Effects, and More. WebMD. <\/span><strong><span style=\"color: #0000ff;\"><a style=\"color: #0000ff;\" href=\"https:\/\/www.webmd.com\/drugs\/2\/drug-4397\/gentian-violet-topical\/details\" target=\"_blank\" rel=\"noopener\">https:\/\/www.webmd.com\/drugs\/2\/drug-4397\/gentian-violet-topical\/details<\/a>\u00a0<\/span><\/strong><\/span><\/p><p><span style=\"color: #000000;\"><span style=\"font-weight: 400;\">5. Slotkowski, E. L. (1966). Mucosal irritation following use of gentian violet. Archives of Pediatrics and Adolescent Medicine, 112(1), 40. <\/span><strong><span style=\"color: #0000ff;\"><a style=\"color: #0000ff;\" href=\"https:\/\/doi.org\/10.1001\/archpedi.1966.02090100076007\" target=\"_blank\" rel=\"noopener\">https:\/\/doi.org\/10.1001\/archpedi.1966.02090100076007<\/a><\/span><\/strong><\/span> <\/p>\t\t\t\t\t\t\t\t<\/div>\n\t\t\t\t\t<\/div>\n\t\t\t\t<\/div>\n\t\t\t\t<\/div>\n\t\t","protected":false},"excerpt":{"rendered":"<p>La violeta de genciana es tendencia en redes sociales como supuesto blanqueador dental casero por su color morado. Sin embargo, [&hellip;]<\/p>\n","protected":false},"author":21,"featured_media":101314,"comment_status":"closed","ping_status":"closed","sticky":false,"template":"","format":"standard","meta":{"site-sidebar-layout":"default","site-content-layout":"","ast-site-content-layout":"default","site-content-style":"default","site-sidebar-style":"default","ast-global-header-display":"","ast-banner-title-visibility":"","ast-main-header-display":"","ast-hfb-above-header-display":"","ast-hfb-below-header-display":"","ast-hfb-mobile-header-display":"","site-post-title":"","ast-breadcrumbs-content":"","ast-featured-img":"","footer-sml-layout":"","ast-disable-related-posts":"","theme-transparent-header-meta":"","adv-header-id-meta":"","stick-header-meta":"","header-above-stick-meta":"","header-main-stick-meta":"","header-below-stick-meta":"","astra-migrate-meta-layouts":"default","ast-page-background-enabled":"default","ast-page-background-meta":{"desktop":{"background-color":"var(--ast-global-color-4)","background-image":"","background-repeat":"repeat","background-position":"center center","background-size":"auto","background-attachment":"scroll","background-type":"","background-media":"","overlay-type":"","overlay-color":"","overlay-opacity":"","overlay-gradient":""},"tablet":{"background-color":"","background-image":"","background-repeat":"repeat","background-position":"center center","background-size":"auto","background-attachment":"scroll","background-type":"","background-media":"","overlay-type":"","overlay-color":"","overlay-opacity":"","overlay-gradient":""},"mobile":{"background-color":"","background-image":"","background-repeat":"repeat","background-position":"center center","background-size":"auto","background-attachment":"scroll","background-type":"","background-media":"","overlay-type":"","overlay-color":"","overlay-opacity":"","overlay-gradient":""}},"ast-content-background-meta":{"desktop":{"background-color":"var(--ast-global-color-5)","background-image":"","background-repeat":"repeat","background-position":"center center","background-size":"auto","background-attachment":"scroll","background-type":"","background-media":"","overlay-type":"","overlay-color":"","overlay-opacity":"","overlay-gradient":""},"tablet":{"background-color":"var(--ast-global-color-5)","background-image":"","background-repeat":"repeat","background-position":"center center","background-size":"auto","background-attachment":"scroll","background-type":"","background-media":"","overlay-type":"","overlay-color":"","overlay-opacity":"","overlay-gradient":""},"mobile":{"background-color":"var(--ast-global-color-5)","background-image":"","background-repeat":"repeat","background-position":"center center","background-size":"auto","background-attachment":"scroll","background-type":"","background-media":"","overlay-type":"","overlay-color":"","overlay-opacity":"","overlay-gradient":""}},"footnotes":""},"categories":[10,76],"tags":[],"ppma_author":[8379,8380],"class_list":["post-101313","post","type-post","status-publish","format-standard","has-post-thumbnail","hentry","category-cosmetic-dentistry","category-teeth-whitening","author-ddsyeidymesa","author-nayibe"],"authors":[{"term_id":8379,"user_id":21,"is_guest":0,"slug":"ddsyeidymesa","display_name":"Dr. Yeidy Carolina Mesa","avatar_url":{"url":"https:\/\/worldofdentistry.org\/wp-content\/uploads\/2025\/01\/yeidy.jpg","url2x":"https:\/\/worldofdentistry.org\/wp-content\/uploads\/2025\/01\/yeidy.jpg"},"first_name":"DDS Yeidy Carolina","last_name":"Mesa","user_url":"","job_title":"Dentist & Writer","linkedin":"https:\/\/www.linkedin.com\/in\/yeidy-carolina-mesa-buitrago-93959b241","description":"DDS Yeidy Carolina Mesa\r\nPassionate Dentist | Advocate for Accessible Oral Health Education\r\nGraduating from Universidad CES in 2022, I am a dedicated general dentist with a lifelong passion for helping others and making a meaningful impact in the world. My journey into dentistry began at the age of 7, inspired by my own experience with braces and overcoming a fear of the dentist. This personal journey shaped my mission to help patients conquer their own dental anxieties and embrace a healthier, confident smile.\r\nAs a writer and professional, I am deeply committed to sharing clear, accessible dental knowledge. I believe that empowering patients with information is a cornerstone of exceptional care. My love for research and discovery fuels my passion for uncovering innovative ways to improve oral health outcomes, making this journey both fulfilling and inspiring.\r\nWhat I Like to Do for Fun\r\nOutside of my professional career, I enjoy:\r\nVolunteering to give back to society and help those in need.\r\nTraveling and exploring new places to experience different cultures.\r\nDancing to stay active and express joy.\r\nPracticing photography to capture beautiful moments and stories.\r\nDreaming big and finding ways to make a positive impact on the world.\r\nSpreading optimism and happiness wherever I go.\r\n\r\n"},{"term_id":8380,"user_id":0,"is_guest":1,"slug":"nayibe","display_name":"Nayibe Cubillos M.","avatar_url":{"url":"https:\/\/worldofdentistry.org\/wp-content\/uploads\/2025\/01\/Imagen-de-WhatsApp-2025-01-27-a-las-13.12.53_36c38138-modified.png","url2x":"https:\/\/worldofdentistry.org\/wp-content\/uploads\/2025\/01\/Imagen-de-WhatsApp-2025-01-27-a-las-13.12.53_36c38138-modified.png"},"first_name":"Nayibe","last_name":"Cubillos","user_url":"","job_title":"","linkedin":"https:\/\/www.linkedin.com\/in\/nayibe-cubillos-morales-b98a8652","description":"Pharmaceutical Chemestry |Pharmaceutical Process Management | Pharmaceutical Care | Pharmaceutical Services Audit | Pharmaceutical Services Process Consulting | Content Project Manager | SEO Knowledge | Content Writer | Leadership | Scrum Master\r\n<br><br>\r\nA healthcare writer with a solid background in pharmaceutical chemistry and a thorough understanding of Colombian regulatory processes and comprehensive sector management, she has significant experience coordinating and leading multidisciplinary teams. Her expertise includes the creation of highly specialized, highly accurate content, supported by a strategic approach and a track record in process optimization and continuous improvement within healthcare organizations.\r\n"}],"_links":{"self":[{"href":"https:\/\/worldofdentistry.org\/es\/wp-json\/wp\/v2\/posts\/101313","targetHints":{"allow":["GET"]}}],"collection":[{"href":"https:\/\/worldofdentistry.org\/es\/wp-json\/wp\/v2\/posts"}],"about":[{"href":"https:\/\/worldofdentistry.org\/es\/wp-json\/wp\/v2\/types\/post"}],"author":[{"embeddable":true,"href":"https:\/\/worldofdentistry.org\/es\/wp-json\/wp\/v2\/users\/21"}],"replies":[{"embeddable":true,"href":"https:\/\/worldofdentistry.org\/es\/wp-json\/wp\/v2\/comments?post=101313"}],"version-history":[{"count":3,"href":"https:\/\/worldofdentistry.org\/es\/wp-json\/wp\/v2\/posts\/101313\/revisions"}],"predecessor-version":[{"id":109481,"href":"https:\/\/worldofdentistry.org\/es\/wp-json\/wp\/v2\/posts\/101313\/revisions\/109481"}],"wp:featuredmedia":[{"embeddable":true,"href":"https:\/\/worldofdentistry.org\/es\/wp-json\/wp\/v2\/media\/101314"}],"wp:attachment":[{"href":"https:\/\/worldofdentistry.org\/es\/wp-json\/wp\/v2\/media?parent=101313"}],"wp:term":[{"taxonomy":"category","embeddable":true,"href":"https:\/\/worldofdentistry.org\/es\/wp-json\/wp\/v2\/categories?post=101313"},{"taxonomy":"post_tag","embeddable":true,"href":"https:\/\/worldofdentistry.org\/es\/wp-json\/wp\/v2\/tags?post=101313"},{"taxonomy":"author","embeddable":true,"href":"https:\/\/worldofdentistry.org\/es\/wp-json\/wp\/v2\/ppma_author?post=101313"}],"curies":[{"name":"wp","href":"https:\/\/api.w.org\/{rel}","templated":true}]}}